{"id":92954,"date":"2025-01-15T10:55:58","date_gmt":"2025-01-15T09:55:58","guid":{"rendered":"https:\/\/immo-monte.me\/2025\/01\/15\/zahvaljujemo-se-na-dogadjaju-u-hamburgu\/"},"modified":"2025-01-15T10:57:08","modified_gmt":"2025-01-15T09:57:08","slug":"zahvaljujemo-se-na-dogadjaju-u-hamburgu","status":"publish","type":"post","link":"https:\/\/immo-monte.me\/bs\/2025\/01\/15\/zahvaljujemo-se-na-dogadjaju-u-hamburgu\/","title":{"rendered":"Zahvaljujemo se na doga\u0111aju u Hamburgu"},"content":{"rendered":"\t\t<div data-elementor-type=\"wp-post\" data-elementor-id=\"92954\" class=\"elementor elementor-92954 elementor-92939\" data-elementor-post-type=\"post\">\n\t\t\t\t\t\t<section class=\"elementor-section elementor-top-section elementor-element elementor-element-6b0805e elementor-section-boxed elementor-section-height-default elementor-section-height-default\" data-id=\"6b0805e\" data-element_type=\"section\" data-e-type=\"section\">\n\t\t\t\t\t\t<div class=\"elementor-container elementor-column-gap-default\">\n\t\t\t\t\t<div class=\"elementor-column elementor-col-100 elementor-top-column elementor-element elementor-element-fb2c04e\" data-id=\"fb2c04e\" data-element_type=\"column\" data-e-type=\"column\">\n\t\t\t<div class=\"elementor-widget-wrap elementor-element-populated\">\n\t\t\t\t\t\t<div class=\"elementor-element elementor-element-7c42427 elementor-widget elementor-widget-heading\" data-id=\"7c42427\" data-element_type=\"widget\" data-e-type=\"widget\" data-widget_type=\"heading.default\">\n\t\t\t\t<div class=\"elementor-widget-container\">\n\t\t\t\t\t<h2 class=\"elementor-heading-title elementor-size-default\"><div style=\"font-size: 16px\"><h1>Zahvaljujemo se na doga\u0111aju u Hamburgu<span style=\"font-size: 24px;text-align: inherit\"><\/span><\/h1><\/div><\/h2>\t\t\t\t<\/div>\n\t\t\t\t<\/div>\n\t\t\t\t\t<\/div>\n\t\t<\/div>\n\t\t\t\t\t<\/div>\n\t\t<\/section>\n\t\t\t\t<section class=\"elementor-section elementor-top-section elementor-element elementor-element-eda2645 elementor-section-boxed elementor-section-height-default elementor-section-height-default\" data-id=\"eda2645\" data-element_type=\"section\" data-e-type=\"section\">\n\t\t\t\t\t\t<div class=\"elementor-container elementor-column-gap-default\">\n\t\t\t\t\t<div class=\"elementor-column elementor-col-100 elementor-top-column elementor-element elementor-element-f25678c\" data-id=\"f25678c\" data-element_type=\"column\" data-e-type=\"column\">\n\t\t\t<div class=\"elementor-widget-wrap elementor-element-populated\">\n\t\t\t\t\t\t<div class=\"elementor-element elementor-element-5e8ca7c elementor-widget elementor-widget-text-editor\" data-id=\"5e8ca7c\" data-element_type=\"widget\" data-e-type=\"widget\" data-widget_type=\"text-editor.default\">\n\t\t\t\t<div class=\"elementor-widget-container\">\n\t\t\t\t\t\t\t\t\t<p>dragi ljudi,<\/p>\n<p>Zahvaljujemo se od srca na velikom interesovanju za na\u0161 informativni doga\u0111aj na temu ulaganja u nekretnine i osnivanja kompanije u Crnoj Gori, koji je odr\u017ean u subotu 11. januara u hotelu Grand Elys\u00e9e u Hamburgu. . Uprkos vrlo kratkom roku, odaziv je bio ogroman i bilo nam je drago \u0161to se toliko vas pojavilo i pokazuje veliko interesovanje za Crnu Goru. <\/p>\n<p>O\u010dekivano, atmosfera u Velikoj Jeliseji je i ove godine bila posebno lepa i prijatna, \u0161to je svakako doprinelo da se odr\u017ei toliko vrednih razgovora i intenzivnih razmena.<\/p>\n<p>Poseban vrhunac ovog doga\u0111aja bio je to \u0161to smo vam po prvi put uspjeli upoznati <strong>na\u0161e tri nove lokacije i prodajne partnere u Njema\u010dkoj<\/strong> . Predstavili smo i na\u0161u <strong>novu poslovnicu u Hamburgu<\/strong> . Radujemo se \u0161to \u0107emo vam uskoro dati vi\u0161e informacija o ovome u drugom videu i detaljnijem \u010dlanku.  <\/p>\n<p>Pozitivan odziv nas je ohrabrio da ubudu\u0107e redovno nudimo ovakve doga\u0111aje \u0161irom Njema\u010dke. Na\u0161 cilj je da Vam pru\u017eimo sve va\u017ene informacije o nekretninama, pokretanju kompanije i \u017eivotu u Crnoj Gori u li\u010dnom okru\u017eenju. Trebalo bi da imate priliku da direktno postavite sva svoja pitanja kako biste bili dobro informisani &#8211; \u010dak i prije nego \u0161to odlu\u010dite da posjetite Crnu Goru.  <\/p>\n<p>Hvala vam jo\u0161 jednom na u\u010de\u0161\u0107u, povjerenju i sjajnim diskusijama. Radujemo se jo\u0161 mnogo inspirativnih susreta sa vama! <\/p>\n\t\t\t\t\t\t\t\t<\/div>\n\t\t\t\t<\/div>\n\t\t\t\t\t<\/div>\n\t\t<\/div>\n\t\t\t\t\t<\/div>\n\t\t<\/section>\n\t\t\t\t<\/div>\n\t\t","protected":false},"excerpt":{"rendered":"<p>Zahvaljujemo se od srca na velikom interesovanju za na\u0161 informativni doga\u0111aj na temu ulaganja u nekretnine i osnivanja kompanije u Crnoj Gori, koji je odr\u017ean u subotu 11. januara u hotelu Grand Elys\u00e9e u Hamburgu. . Uprkos vrlo kratkom roku, odaziv je bio ogroman i bilo nam je drago \u0161to se toliko vas pojavilo i pokazuje veliko interesovanje za Crnu Goru. <\/p>\n","protected":false},"author":2,"featured_media":92949,"comment_status":"open","ping_status":"open","sticky":false,"template":"","format":"standard","meta":{"_jetpack_memberships_contains_paid_content":false,"footnotes":""},"categories":[585,477],"tags":[587,481],"class_list":["post-92954","post","type-post","status-publish","format-standard","has-post-thumbnail","hentry","category-dogadaji","category-vijesti","tag-dogadaji","tag-vijesti"],"aioseo_notices":[],"jetpack_featured_media_url":"https:\/\/immo-monte.me\/wp-content\/uploads\/2025\/01\/Kopie-von-Kopie-von-Real-Estate-Property-Listings-1.png","jetpack_sharing_enabled":true,"_links":{"self":[{"href":"https:\/\/immo-monte.me\/bs\/wp-json\/wp\/v2\/posts\/92954","targetHints":{"allow":["GET"]}}],"collection":[{"href":"https:\/\/immo-monte.me\/bs\/wp-json\/wp\/v2\/posts"}],"about":[{"href":"https:\/\/immo-monte.me\/bs\/wp-json\/wp\/v2\/types\/post"}],"author":[{"embeddable":true,"href":"https:\/\/immo-monte.me\/bs\/wp-json\/wp\/v2\/users\/2"}],"replies":[{"embeddable":true,"href":"https:\/\/immo-monte.me\/bs\/wp-json\/wp\/v2\/comments?post=92954"}],"version-history":[{"count":2,"href":"https:\/\/immo-monte.me\/bs\/wp-json\/wp\/v2\/posts\/92954\/revisions"}],"predecessor-version":[{"id":92956,"href":"https:\/\/immo-monte.me\/bs\/wp-json\/wp\/v2\/posts\/92954\/revisions\/92956"}],"wp:featuredmedia":[{"embeddable":true,"href":"https:\/\/immo-monte.me\/bs\/wp-json\/wp\/v2\/media\/92949"}],"wp:attachment":[{"href":"https:\/\/immo-monte.me\/bs\/wp-json\/wp\/v2\/media?parent=92954"}],"wp:term":[{"taxonomy":"category","embeddable":true,"href":"https:\/\/immo-monte.me\/bs\/wp-json\/wp\/v2\/categories?post=92954"},{"taxonomy":"post_tag","embeddable":true,"href":"https:\/\/immo-monte.me\/bs\/wp-json\/wp\/v2\/tags?post=92954"}],"curies":[{"name":"wp","href":"https:\/\/api.w.org\/{rel}","templated":true}]}}