{"id":92916,"date":"2025-01-06T10:36:43","date_gmt":"2025-01-06T09:36:43","guid":{"rendered":"https:\/\/immo-monte.me\/2025\/01\/15\/informativni-dogadjaj-u-hamburgu-ulaganja-u-nekretnine-i-osnivanje-kompanija-u-crnoj-gori\/"},"modified":"2025-01-15T18:36:24","modified_gmt":"2025-01-15T17:36:24","slug":"informativni-dogadjaj-u-hamburgu-ulaganja-u-nekretnine-i-osnivanje-kompanija-u-crnoj-gori","status":"publish","type":"post","link":"https:\/\/immo-monte.me\/bs\/2025\/01\/06\/informativni-dogadjaj-u-hamburgu-ulaganja-u-nekretnine-i-osnivanje-kompanija-u-crnoj-gori\/","title":{"rendered":"Informativni doga\u0111aj u Hamburgu &#8211; ulaganja u nekretnine i osnivanje kompanija u Crnoj Gori"},"content":{"rendered":"\t\t<div data-elementor-type=\"wp-post\" data-elementor-id=\"92916\" class=\"elementor elementor-92916 elementor-92904\" data-elementor-post-type=\"post\">\n\t\t\t\t\t\t<section class=\"elementor-section elementor-top-section elementor-element elementor-element-9efa034 elementor-section-boxed elementor-section-height-default elementor-section-height-default\" data-id=\"9efa034\" data-element_type=\"section\" data-e-type=\"section\">\n\t\t\t\t\t\t<div class=\"elementor-container elementor-column-gap-default\">\n\t\t\t\t\t<div class=\"elementor-column elementor-col-100 elementor-top-column elementor-element elementor-element-0c383d5\" data-id=\"0c383d5\" data-element_type=\"column\" data-e-type=\"column\">\n\t\t\t<div class=\"elementor-widget-wrap elementor-element-populated\">\n\t\t\t\t\t\t<div class=\"elementor-element elementor-element-1cdab47 elementor-widget elementor-widget-heading\" data-id=\"1cdab47\" data-element_type=\"widget\" data-e-type=\"widget\" data-widget_type=\"heading.default\">\n\t\t\t\t<div class=\"elementor-widget-container\">\n\t\t\t\t\t<h2 class=\"elementor-heading-title elementor-size-default\">Poziv na informativni doga\u0111aj sa Juliom &amp; Senadom u Hamburgu: Investicije u nekretnine i osnivanje kompanija u Crnoj Gori<\/h2>\t\t\t\t<\/div>\n\t\t\t\t<\/div>\n\t\t\t\t\t<\/div>\n\t\t<\/div>\n\t\t\t\t\t<\/div>\n\t\t<\/section>\n\t\t\t\t<section class=\"elementor-section elementor-top-section elementor-element elementor-element-1399584 elementor-section-boxed elementor-section-height-default elementor-section-height-default\" data-id=\"1399584\" data-element_type=\"section\" data-e-type=\"section\">\n\t\t\t\t\t\t<div class=\"elementor-container elementor-column-gap-default\">\n\t\t\t\t\t<div class=\"elementor-column elementor-col-100 elementor-top-column elementor-element elementor-element-bcec4b6\" data-id=\"bcec4b6\" data-element_type=\"column\" data-e-type=\"column\">\n\t\t\t<div class=\"elementor-widget-wrap elementor-element-populated\">\n\t\t\t\t\t\t<div class=\"elementor-element elementor-element-70d3cbd elementor-widget elementor-widget-text-editor\" data-id=\"70d3cbd\" data-element_type=\"widget\" data-e-type=\"widget\" data-widget_type=\"text-editor.default\">\n\t\t\t\t<div class=\"elementor-widget-container\">\n\t\t\t\t\t\t\t\t\t<p class=\"p1\"><b>Kada:<\/b> subota, 11. januar 2025. od 14:00 sati<br> <b>Gdje:<\/b> Hamburg, Hotel Grand Elys\u00e9e<\/p>\n<p class=\"p1\">Srda\u010dno vas pozivamo na na\u0161 ekskluzivni informativni doga\u0111aj u Hamburgu! Danas popodne imate priliku da se sveobuhvatno informi\u0161ete o temama <b>ulaganja u nekretnine i osnivanja preduze\u0107a u Crnoj Gori<\/b> . <\/p>\n<p class=\"p1\">Obavje\u0161tava\u0107emo vas o <b>ulaganjima u nekretnine u primorju Crne Gore<\/b> kao i <b>o najnovijim vijestima na sjeveru Crne Gore<\/b> . Dobit \u0107ete vrijedne uvide u trenutna de\u0161avanja i mogu\u0107nosti u oba regiona. <\/p>\n<p class=\"p1\">Iskoristite priliku da nas jednom upoznate u Njema\u010dkoj i postavite sva va\u0161a pitanja. Obja\u0161njavamo procese korak po korak i pru\u017eamo vrijedne informacije o op\u0107im uvjetima na licu mjesta. <\/p>\n<p class=\"p1\">Ovaj doga\u0111aj je idealan za vas ako:<\/p>\n<ul>\n<li class=\"p1\">Zainteresovani ste za ulaganja u nekretnine ili pokretanje kompanije u Crnoj Gori<\/li>\n<li class=\"p1\">Jo\u0161 nisam imao priliku da nas posjeti u Crnoj Gori<\/li>\n<li class=\"p1\">\u017eelio bih da saznam vi\u0161e o mogu\u0107nostima i de\u0161avanjima u primorju i sjevernoj Crnoj Gori.<\/li>\n<\/ul>\n<p class=\"p1\"><b>Molimo prijavite se najkasnije do \u010detvrtka kako bismo mogli bolje planirati.<\/b><\/p>\n<p class=\"p1\">Radujemo se \u0161to \u0107emo sa vama provesti opu\u0161taju\u0107e i informativno popodne!<\/p>\t\t\t\t\t\t\t\t<\/div>\n\t\t\t\t<\/div>\n\t\t\t\t\t<\/div>\n\t\t<\/div>\n\t\t\t\t\t<\/div>\n\t\t<\/section>\n\t\t\t\t<\/div>\n\t\t","protected":false},"excerpt":{"rendered":"<p>Poziv na informativni doga\u0111aj sa Juliom &amp; Senadom u Hamburgu: Investicije u nekretnine i osnivanje kompanije u Crnoj Gori Kada: subota, 11. januar 2025. od 14:00h Gdje: Hamburg, Hotel Grand Elys\u00e9e<\/p>\n","protected":false},"author":2,"featured_media":92898,"comment_status":"open","ping_status":"open","sticky":false,"template":"","format":"standard","meta":{"_jetpack_memberships_contains_paid_content":false,"footnotes":""},"categories":[476,585,1,477],"tags":[587,481],"class_list":["post-92916","post","type-post","status-publish","format-standard","has-post-thumbnail","hentry","category-cinjenice-i-savjeti","category-dogadaji","category-unkategorisiert","category-vijesti","tag-dogadaji","tag-vijesti"],"aioseo_notices":[],"jetpack_featured_media_url":"https:\/\/immo-monte.me\/wp-content\/uploads\/2025\/01\/Event-Organizer-Presentation.jpg","jetpack_sharing_enabled":true,"_links":{"self":[{"href":"https:\/\/immo-monte.me\/bs\/wp-json\/wp\/v2\/posts\/92916","targetHints":{"allow":["GET"]}}],"collection":[{"href":"https:\/\/immo-monte.me\/bs\/wp-json\/wp\/v2\/posts"}],"about":[{"href":"https:\/\/immo-monte.me\/bs\/wp-json\/wp\/v2\/types\/post"}],"author":[{"embeddable":true,"href":"https:\/\/immo-monte.me\/bs\/wp-json\/wp\/v2\/users\/2"}],"replies":[{"embeddable":true,"href":"https:\/\/immo-monte.me\/bs\/wp-json\/wp\/v2\/comments?post=92916"}],"version-history":[{"count":8,"href":"https:\/\/immo-monte.me\/bs\/wp-json\/wp\/v2\/posts\/92916\/revisions"}],"predecessor-version":[{"id":92937,"href":"https:\/\/immo-monte.me\/bs\/wp-json\/wp\/v2\/posts\/92916\/revisions\/92937"}],"wp:featuredmedia":[{"embeddable":true,"href":"https:\/\/immo-monte.me\/bs\/wp-json\/wp\/v2\/media\/92898"}],"wp:attachment":[{"href":"https:\/\/immo-monte.me\/bs\/wp-json\/wp\/v2\/media?parent=92916"}],"wp:term":[{"taxonomy":"category","embeddable":true,"href":"https:\/\/immo-monte.me\/bs\/wp-json\/wp\/v2\/categories?post=92916"},{"taxonomy":"post_tag","embeddable":true,"href":"https:\/\/immo-monte.me\/bs\/wp-json\/wp\/v2\/tags?post=92916"}],"curies":[{"name":"wp","href":"https:\/\/api.w.org\/{rel}","templated":true}]}}