{"id":89410,"date":"2024-10-17T05:20:00","date_gmt":"2024-10-17T03:20:00","guid":{"rendered":"https:\/\/immo-monte.me\/2024\/10\/17\/koliko-dugo-mozete-ostati-van-crne-gore-a-da-ne-izgubite-boravisnu-dozvolu\/"},"modified":"2024-10-17T05:22:50","modified_gmt":"2024-10-17T03:22:50","slug":"koliko-dugo-mozete-ostati-van-crne-gore-a-da-ne-izgubite-boravisnu-dozvolu","status":"publish","type":"post","link":"https:\/\/immo-monte.me\/bs\/2024\/10\/17\/koliko-dugo-mozete-ostati-van-crne-gore-a-da-ne-izgubite-boravisnu-dozvolu\/","title":{"rendered":"Koliko dugo mo\u017eete ostati van Crne Gore a da ne izgubite boravi\u0161nu dozvolu?"},"content":{"rendered":"\t\t<div data-elementor-type=\"wp-post\" data-elementor-id=\"89410\" class=\"elementor elementor-89410 elementor-89347\" data-elementor-post-type=\"post\">\n\t\t\t\t\t\t<section class=\"elementor-section elementor-top-section elementor-element elementor-element-61ffbaf elementor-section-boxed elementor-section-height-default elementor-section-height-default\" data-id=\"61ffbaf\" data-element_type=\"section\" data-e-type=\"section\">\n\t\t\t\t\t\t<div class=\"elementor-container elementor-column-gap-default\">\n\t\t\t\t\t<div class=\"elementor-column elementor-col-100 elementor-top-column elementor-element elementor-element-cc9343a\" data-id=\"cc9343a\" data-element_type=\"column\" data-e-type=\"column\">\n\t\t\t<div class=\"elementor-widget-wrap elementor-element-populated\">\n\t\t\t\t\t\t<div class=\"elementor-element elementor-element-2292b60 elementor-widget elementor-widget-heading\" data-id=\"2292b60\" data-element_type=\"widget\" data-e-type=\"widget\" data-widget_type=\"heading.default\">\n\t\t\t\t<div class=\"elementor-widget-container\">\n\t\t\t\t\t<h1 class=\"elementor-heading-title elementor-size-default\">Koliko dugo mo\u017eete ostati van Crne Gore a da ne izgubite boravi\u0161nu dozvolu?<\/h1>\t\t\t\t<\/div>\n\t\t\t\t<\/div>\n\t\t\t\t\t<\/div>\n\t\t<\/div>\n\t\t\t\t\t<\/div>\n\t\t<\/section>\n\t\t\t\t<section class=\"elementor-section elementor-top-section elementor-element elementor-element-12ea8b2 elementor-section-boxed elementor-section-height-default elementor-section-height-default\" data-id=\"12ea8b2\" data-element_type=\"section\" data-e-type=\"section\">\n\t\t\t\t\t\t<div class=\"elementor-container elementor-column-gap-default\">\n\t\t\t\t\t<div class=\"elementor-column elementor-col-100 elementor-top-column elementor-element elementor-element-c33513a\" data-id=\"c33513a\" data-element_type=\"column\" data-e-type=\"column\">\n\t\t\t<div class=\"elementor-widget-wrap elementor-element-populated\">\n\t\t\t\t\t\t<div class=\"elementor-element elementor-element-7928fbb elementor-widget elementor-widget-text-editor\" data-id=\"7928fbb\" data-element_type=\"widget\" data-e-type=\"widget\" data-widget_type=\"text-editor.default\">\n\t\t\t\t<div class=\"elementor-widget-container\">\n\t\t\t\t\t\t\t\t\t<p>Pitanje koliko dugo mo\u017eete ostati van zemlje kao nosilac boravi\u0161ne dozvole u Crnoj Gori je klju\u010dno za mnoge koji se sele u Crnu Goru. Bilo iz profesionalnih, porodi\u010dnih ili privatnih razloga, uvijek se mo\u017ee desiti da provedete du\u017ee vrijeme van Crne Gore. Ali koliko dugo je to dozvoljeno i koji propisi va\u017ee da ne biste izgubili boravi\u0161nu dozvolu? To u velikoj mjeri zavisi od vrste boravi\u0161ne dozvole koju imate. U ovom \u010dlanku \u0107emo detaljno ispitati razli\u010dite scenarije.    <\/p>\n\t\t\t\t\t\t\t\t<\/div>\n\t\t\t\t<\/div>\n\t\t\t\t\t<\/div>\n\t\t<\/div>\n\t\t\t\t\t<\/div>\n\t\t<\/section>\n\t\t\t\t<section class=\"elementor-section elementor-top-section elementor-element elementor-element-193c95b elementor-section-boxed elementor-section-height-default elementor-section-height-default\" data-id=\"193c95b\" data-element_type=\"section\" data-e-type=\"section\">\n\t\t\t\t\t\t<div class=\"elementor-container elementor-column-gap-default\">\n\t\t\t\t\t<div class=\"elementor-column elementor-col-100 elementor-top-column elementor-element elementor-element-d42e973\" data-id=\"d42e973\" data-element_type=\"column\" data-e-type=\"column\">\n\t\t\t<div class=\"elementor-widget-wrap elementor-element-populated\">\n\t\t\t\t\t\t<div class=\"elementor-element elementor-element-d338a3e elementor-widget elementor-widget-spacer\" data-id=\"d338a3e\" data-element_type=\"widget\" data-e-type=\"widget\" data-widget_type=\"spacer.default\">\n\t\t\t\t<div class=\"elementor-widget-container\">\n\t\t\t\t\t\t\t<div class=\"elementor-spacer\">\n\t\t\t<div class=\"elementor-spacer-inner\"><\/div>\n\t\t<\/div>\n\t\t\t\t\t\t<\/div>\n\t\t\t\t<\/div>\n\t\t\t\t\t<\/div>\n\t\t<\/div>\n\t\t\t\t\t<\/div>\n\t\t<\/section>\n\t\t\t\t<section class=\"elementor-section elementor-top-section elementor-element elementor-element-b1e0692 elementor-section-boxed elementor-section-height-default elementor-section-height-default\" data-id=\"b1e0692\" data-element_type=\"section\" data-e-type=\"section\">\n\t\t\t\t\t\t<div class=\"elementor-container elementor-column-gap-default\">\n\t\t\t\t\t<div class=\"elementor-column elementor-col-100 elementor-top-column elementor-element elementor-element-8f56a9d\" data-id=\"8f56a9d\" data-element_type=\"column\" data-e-type=\"column\">\n\t\t\t<div class=\"elementor-widget-wrap elementor-element-populated\">\n\t\t\t\t\t\t<div class=\"elementor-element elementor-element-a08bfa5 elementor-widget elementor-widget-text-editor\" data-id=\"a08bfa5\" data-element_type=\"widget\" data-e-type=\"widget\" data-widget_type=\"text-editor.default\">\n\t\t\t\t<div class=\"elementor-widget-container\">\n\t\t\t\t\t\t\t\t\t<h3>1. Op\u0107i propisi za sve boravi\u0161ne dozvole<\/h3>\n<p>Bez obzira na to kako ste dobili boravi\u0161nu dozvolu u Crnoj Gori, postoji op\u0161te pravilo za boravak u inostranstvu:<\/p>\n<ul>\n<li>Dozvoljeno vam je da boravite van Crne Gore <strong>do 30 dana godi\u0161nje,<\/strong> a da to ne ugrozi va\u0161u boravi\u0161nu dozvolu.<\/li>\n<\/ul>\n<p>Ovih 30 dana va\u017ei kako za poslovne ljude koji su boravi\u0161nu dozvolu dobili osnivanjem firme, tako i za ljude koji su u Crnu Goru do\u0161li kupovinom nekretnina ili spajanjem porodice. Ovih 30 dana mo\u017ee se koristiti slobodno bez prethodnog obavje\u0161tavanja nadle\u017enih organa. Ovo je vrsta &#8220;perioda tolerancije&#8221; koja se mo\u017ee koristiti bez posebne dozvole.  <\/p>\n\t\t\t\t\t\t\t\t<\/div>\n\t\t\t\t<\/div>\n\t\t\t\t\t<\/div>\n\t\t<\/div>\n\t\t\t\t\t<\/div>\n\t\t<\/section>\n\t\t\t\t<section class=\"elementor-section elementor-top-section elementor-element elementor-element-7e3febb elementor-section-boxed elementor-section-height-default elementor-section-height-default\" data-id=\"7e3febb\" data-element_type=\"section\" data-e-type=\"section\">\n\t\t\t\t\t\t<div class=\"elementor-container elementor-column-gap-default\">\n\t\t\t\t\t<div class=\"elementor-column elementor-col-100 elementor-top-column elementor-element elementor-element-0cdf3fa\" data-id=\"0cdf3fa\" data-element_type=\"column\" data-e-type=\"column\">\n\t\t\t<div class=\"elementor-widget-wrap elementor-element-populated\">\n\t\t\t\t\t\t<div class=\"elementor-element elementor-element-f3c4b1c elementor-widget elementor-widget-spacer\" data-id=\"f3c4b1c\" data-element_type=\"widget\" data-e-type=\"widget\" data-widget_type=\"spacer.default\">\n\t\t\t\t<div class=\"elementor-widget-container\">\n\t\t\t\t\t\t\t<div class=\"elementor-spacer\">\n\t\t\t<div class=\"elementor-spacer-inner\"><\/div>\n\t\t<\/div>\n\t\t\t\t\t\t<\/div>\n\t\t\t\t<\/div>\n\t\t\t\t\t<\/div>\n\t\t<\/div>\n\t\t\t\t\t<\/div>\n\t\t<\/section>\n\t\t\t\t<section class=\"elementor-section elementor-top-section elementor-element elementor-element-b0c462b elementor-section-boxed elementor-section-height-default elementor-section-height-default\" data-id=\"b0c462b\" data-element_type=\"section\" data-e-type=\"section\">\n\t\t\t\t\t\t<div class=\"elementor-container elementor-column-gap-default\">\n\t\t\t\t\t<div class=\"elementor-column elementor-col-100 elementor-top-column elementor-element elementor-element-ddb5a93\" data-id=\"ddb5a93\" data-element_type=\"column\" data-e-type=\"column\">\n\t\t\t<div class=\"elementor-widget-wrap elementor-element-populated\">\n\t\t\t\t\t\t<div class=\"elementor-element elementor-element-f66c180 elementor-widget elementor-widget-text-editor\" data-id=\"f66c180\" data-element_type=\"widget\" data-e-type=\"widget\" data-widget_type=\"text-editor.default\">\n\t\t\t\t<div class=\"elementor-widget-container\">\n\t\t\t\t\t\t\t\t\t<h3>2. Produ\u017eenje boravka u inostranstvu: Prijavite se za dodatnih 60 dana<\/h3>\n<p>Ako planirate ostati u inostranstvu du\u017ee od 30 dana, mo\u017eete se prijaviti za to unaprijed kod nadle\u017enih organa. To zna\u010di da mo\u017eete podnijeti zahtjev nadle\u017enim organima za produ\u017eenje va\u0161eg boravka u inostranstvu za dodatnih 60 dana. Me\u0111utim, va\u017eno je napomenuti nekoliko stvari:  <\/p>\n<ul>\n<li>Prijava se mora podnijeti <strong>prije planiranog putovanja<\/strong> . <strong>Retrospektivno odobrenje<\/strong> nije mogu\u0107e, \u0161to zna\u010di da se o tome treba pobrinuti na vrijeme. <\/li>\n<li>Ako zahtjev bude odobren, mo\u017eete boraviti van Crne Gore <strong>ukupno 90 dana godi\u0161nje,<\/strong> a da to ne uti\u010de na va\u0161 status boravka.<\/li>\n<\/ul>\n<p>Ova dodatna aplikacija za 60 dana posebno je korisna ako imate du\u017ea putovanja na odmor, porodi\u010dne obaveze ili operacije (lije\u010dni\u010dke boravke) u inostranstvu. Me\u0111utim, uvijek treba paziti da se ti rokovi ne bi prekora\u010dili kako bi se izbjegli problemi pri produ\u017eenju boravi\u0161ne dozvole. <span style=\"font-size: 20px; text-align: inherit;\"> <\/span><\/p>\n\t\t\t\t\t\t\t\t<\/div>\n\t\t\t\t<\/div>\n\t\t\t\t\t<\/div>\n\t\t<\/div>\n\t\t\t\t\t<\/div>\n\t\t<\/section>\n\t\t\t\t<section class=\"elementor-section elementor-top-section elementor-element elementor-element-619cd5f elementor-section-boxed elementor-section-height-default elementor-section-height-default\" data-id=\"619cd5f\" data-element_type=\"section\" data-e-type=\"section\">\n\t\t\t\t\t\t<div class=\"elementor-container elementor-column-gap-default\">\n\t\t\t\t\t<div class=\"elementor-column elementor-col-100 elementor-top-column elementor-element elementor-element-c68b08f\" data-id=\"c68b08f\" data-element_type=\"column\" data-e-type=\"column\">\n\t\t\t<div class=\"elementor-widget-wrap elementor-element-populated\">\n\t\t\t\t\t\t<div class=\"elementor-element elementor-element-9e9b91f elementor-widget elementor-widget-spacer\" data-id=\"9e9b91f\" data-element_type=\"widget\" data-e-type=\"widget\" data-widget_type=\"spacer.default\">\n\t\t\t\t<div class=\"elementor-widget-container\">\n\t\t\t\t\t\t\t<div class=\"elementor-spacer\">\n\t\t\t<div class=\"elementor-spacer-inner\"><\/div>\n\t\t<\/div>\n\t\t\t\t\t\t<\/div>\n\t\t\t\t<\/div>\n\t\t\t\t\t<\/div>\n\t\t<\/div>\n\t\t\t\t\t<\/div>\n\t\t<\/section>\n\t\t\t\t<section class=\"elementor-section elementor-top-section elementor-element elementor-element-ee53bfa elementor-section-boxed elementor-section-height-default elementor-section-height-default\" data-id=\"ee53bfa\" data-element_type=\"section\" data-e-type=\"section\">\n\t\t\t\t\t\t<div class=\"elementor-container elementor-column-gap-default\">\n\t\t\t\t\t<div class=\"elementor-column elementor-col-100 elementor-top-column elementor-element elementor-element-e286f92\" data-id=\"e286f92\" data-element_type=\"column\" data-e-type=\"column\">\n\t\t\t<div class=\"elementor-widget-wrap elementor-element-populated\">\n\t\t\t\t\t\t<div class=\"elementor-element elementor-element-d784785 elementor-widget elementor-widget-text-editor\" data-id=\"d784785\" data-element_type=\"widget\" data-e-type=\"widget\" data-widget_type=\"text-editor.default\">\n\t\t\t\t<div class=\"elementor-widget-container\">\n\t\t\t\t\t\t\t\t\t<h3>3. Boravi\u0161na dozvola kroz osnivanje kompanije: Posebnosti za generalne direktore<\/h3>\n<p>Postoji posebnost sa boravi\u0161nom dozvolom ako ste boravi\u0161nu dozvolu dobili <strong>osnivanjem firme<\/strong> u Crnoj Gori i registrovali ste se kao <strong>generalni direktor<\/strong> kompanije. U ovom slu\u010daju postoji ve\u0107a fleksibilnost u pogledu poslovnih putovanja. <\/p>\n<h4>3.1. Private Reisen als Gesch\u00e4ftsf\u00fchrer <\/h4>\n<p>Generalni direktori se tako\u0111er moraju pridr\u017eavati op\u0107ih propisa za privatna putovanja:<\/p>\n<ul>\n<li><strong>Do 30 dana<\/strong> godi\u0161nje se mo\u017ee provesti van Crne Gore bez prijavljivanja.<\/li>\n<li>Ako va\u0161 boravak u inostranstvu treba da traje du\u017ee, mo\u017eete podnijeti zahtjev nadle\u017enim organima za produ\u017eenje na <strong>ukupno 90 dana<\/strong> godi\u0161nje, kao \u0161to je gore opisano.\n<\/li>\n<\/ul>\n<h4>3.2. Gesch\u00e4ftsreisen und die 180-Tage-Regel <\/h4>\n<p>Me\u0111utim, generalni direktori imaju prednost \u0161to se pro\u0161ireni okvir primjenjuje na poslovna putovanja. Za <strong>poslovna putovanja<\/strong> mo\u017eete boraviti van Crne Gore do <strong>180 dana godi\u0161nje<\/strong> . Va\u017eno je da se slu\u017ebena putovanja na taj na\u010din mogu dokazati. To zna\u010di da morate dokazati neophodnost ovih putovanja, bilo da se radi o avionskim kartama, rezervacijama hotela ili poslovnim sastancima. Ovo osigurava da se ovi dani ne ra\u010dunaju kao li\u010dna odsustva.    <\/p>\n<p>Ova pro\u0161irena regulativa daje generalnim direktorima veliku fleksibilnost ako, na primjer, odr\u017eavaju me\u0111unarodne poslovne odnose ili redovno rade u inostranstvu. Me\u0111utim, ovdje je tako\u0111er od klju\u010dnog zna\u010daja prikupiti dokaze o slu\u017ebenim putovanjima i mo\u0107i ih predo\u010diti ako je potrebno. <\/p>\n\t\t\t\t\t\t\t\t<\/div>\n\t\t\t\t<\/div>\n\t\t\t\t\t<\/div>\n\t\t<\/div>\n\t\t\t\t\t<\/div>\n\t\t<\/section>\n\t\t\t\t<section class=\"elementor-section elementor-top-section elementor-element elementor-element-8678872 elementor-section-boxed elementor-section-height-default elementor-section-height-default\" data-id=\"8678872\" data-element_type=\"section\" data-e-type=\"section\">\n\t\t\t\t\t\t<div class=\"elementor-container elementor-column-gap-default\">\n\t\t\t\t\t<div class=\"elementor-column elementor-col-100 elementor-top-column elementor-element elementor-element-86ae4c5\" data-id=\"86ae4c5\" data-element_type=\"column\" data-e-type=\"column\">\n\t\t\t<div class=\"elementor-widget-wrap elementor-element-populated\">\n\t\t\t\t\t\t<div class=\"elementor-element elementor-element-3134ea5 elementor-widget elementor-widget-spacer\" data-id=\"3134ea5\" data-element_type=\"widget\" data-e-type=\"widget\" data-widget_type=\"spacer.default\">\n\t\t\t\t<div class=\"elementor-widget-container\">\n\t\t\t\t\t\t\t<div class=\"elementor-spacer\">\n\t\t\t<div class=\"elementor-spacer-inner\"><\/div>\n\t\t<\/div>\n\t\t\t\t\t\t<\/div>\n\t\t\t\t<\/div>\n\t\t\t\t\t<\/div>\n\t\t<\/div>\n\t\t\t\t\t<\/div>\n\t\t<\/section>\n\t\t\t\t<section class=\"elementor-section elementor-top-section elementor-element elementor-element-2742f11 elementor-section-boxed elementor-section-height-default elementor-section-height-default\" data-id=\"2742f11\" data-element_type=\"section\" data-e-type=\"section\">\n\t\t\t\t\t\t<div class=\"elementor-container elementor-column-gap-default\">\n\t\t\t\t\t<div class=\"elementor-column elementor-col-100 elementor-top-column elementor-element elementor-element-4ba034b\" data-id=\"4ba034b\" data-element_type=\"column\" data-e-type=\"column\">\n\t\t\t<div class=\"elementor-widget-wrap elementor-element-populated\">\n\t\t\t\t\t\t<div class=\"elementor-element elementor-element-bfa5f57 elementor-widget elementor-widget-text-editor\" data-id=\"bfa5f57\" data-element_type=\"widget\" data-e-type=\"widget\" data-widget_type=\"text-editor.default\">\n\t\t\t\t<div class=\"elementor-widget-container\">\n\t\t\t\t\t\t\t\t\t<h3>4. Boravi\u0161na dozvola putem kupovine nekretnine ili spajanja porodice<\/h3>\n<p>Ako je boravi\u0161na dozvola dobijena <strong>kupovinom nekretnine<\/strong> ili <strong>spajanjem porodice<\/strong> , primjenjuju se stro\u017ei propisi, jer su ovi oblici boravka prvenstveno namijenjeni stalnom \u017eivotu u Crnoj Gori.<\/p>\n<ul>\n<li>I ovdje mo\u017eete boraviti van zemlje <strong>do 30 dana godi\u0161nje<\/strong> , a da to ne morate prijaviti.<\/li>\n<li>Za boravak <strong>du\u017ei od 30 dana<\/strong> potrebna je <strong>prethodna prijava<\/strong> za dodatnih 60 dana kako bi se postiglo ukupno <strong>90 dana<\/strong> godi\u0161nje.<\/li>\n<\/ul>\n<p>Va\u017eno je da su ovi oblici boravka prvenstveno usmjereni na boravak u Crnoj Gori. \u010cesta ili duga odsustva mogu dovesti do problema prilikom produ\u017eenja boravi\u0161ne dozvole. <\/p>\n\t\t\t\t\t\t\t\t<\/div>\n\t\t\t\t<\/div>\n\t\t\t\t\t<\/div>\n\t\t<\/div>\n\t\t\t\t\t<\/div>\n\t\t<\/section>\n\t\t\t\t<section class=\"elementor-section elementor-top-section elementor-element elementor-element-abdd368 elementor-section-boxed elementor-section-height-default elementor-section-height-default\" data-id=\"abdd368\" data-element_type=\"section\" data-e-type=\"section\">\n\t\t\t\t\t\t<div class=\"elementor-container elementor-column-gap-default\">\n\t\t\t\t\t<div class=\"elementor-column elementor-col-100 elementor-top-column elementor-element elementor-element-c500173\" data-id=\"c500173\" data-element_type=\"column\" data-e-type=\"column\">\n\t\t\t<div class=\"elementor-widget-wrap elementor-element-populated\">\n\t\t\t\t\t\t<div class=\"elementor-element elementor-element-4df87f5 elementor-widget elementor-widget-spacer\" data-id=\"4df87f5\" data-element_type=\"widget\" data-e-type=\"widget\" data-widget_type=\"spacer.default\">\n\t\t\t\t<div class=\"elementor-widget-container\">\n\t\t\t\t\t\t\t<div class=\"elementor-spacer\">\n\t\t\t<div class=\"elementor-spacer-inner\"><\/div>\n\t\t<\/div>\n\t\t\t\t\t\t<\/div>\n\t\t\t\t<\/div>\n\t\t\t\t\t<\/div>\n\t\t<\/div>\n\t\t\t\t\t<\/div>\n\t\t<\/section>\n\t\t\t\t<section class=\"elementor-section elementor-top-section elementor-element elementor-element-f4a7893 elementor-section-boxed elementor-section-height-default elementor-section-height-default\" data-id=\"f4a7893\" data-element_type=\"section\" data-e-type=\"section\">\n\t\t\t\t\t\t<div class=\"elementor-container elementor-column-gap-default\">\n\t\t\t\t\t<div class=\"elementor-column elementor-col-100 elementor-top-column elementor-element elementor-element-51e83dd\" data-id=\"51e83dd\" data-element_type=\"column\" data-e-type=\"column\">\n\t\t\t<div class=\"elementor-widget-wrap elementor-element-populated\">\n\t\t\t\t\t\t<div class=\"elementor-element elementor-element-be19a65 elementor-widget elementor-widget-text-editor\" data-id=\"be19a65\" data-element_type=\"widget\" data-e-type=\"widget\" data-widget_type=\"text-editor.default\">\n\t\t\t\t<div class=\"elementor-widget-container\">\n\t\t\t\t\t\t\t\t\t<h3>5. Posljedice prekora\u010denja dozvoljenog trajanja boravka u inostranstvu<\/h3>\n<p>Nepo\u0161tivanje gore navedenih propisa mo\u017ee imati ozbiljne posljedice. Ako prekora\u010dite dozvoljeni rok od 30 dana bez dozvole ili 90 dana sa dozvolom, a da to ne prijavite nadle\u017enim organima, to mo\u017ee dovesti do problema pri <strong>produ\u017eenju va\u0161e boravi\u0161ne dozvole<\/strong> . Prilikom produ\u017eenja boravi\u0161ne dozvole ne provjerava se uvijek koliko je osoba stvarno bila van zemlje u protekloj godini. Me\u0111utim, ako se provjeri, mogu\u0107e su sljede\u0107e posljedice.   <\/p>\n<h4>Mogu\u0107e posljedice:<\/h4>\n<ul>\n<li>Prilikom produ\u017eenja boravi\u0161ne dozvole mo\u017ee do\u0107i do <strong>nov\u010dane kazne<\/strong> ako se otkrije prekora\u010denje.<\/li>\n<li>To tako\u0111er mo\u017ee dovesti do toga da morate <strong>napustiti zemlju na \u0161est mjeseci<\/strong> prije nego \u0161to se mo\u017ee podnijeti novi zahtjev za boravi\u0161nu dozvolu. To bi zna\u010dilo da biste morali ponovo ispuniti sve uslove za novu boravi\u0161nu dozvolu (uklju\u010duju\u0107i dokumente kao \u0161to je potvrda o odobrenju policije).   <\/li>\n<li>A godine koje su mo\u017eda ve\u0107 \u201esakupljene\u201d za dozvolu stalnog boravka tada bi istekle i morali biste po\u010deti \u201eod nule\u201d. (Za trajnu boravi\u0161nu dozvolu morate uspje\u0161no produ\u017eiti svoju boravi\u0161nu dozvolu najmanje 5 godina za redom.) <\/li>\n<\/ul>\n\t\t\t\t\t\t\t\t<\/div>\n\t\t\t\t<\/div>\n\t\t\t\t\t<\/div>\n\t\t<\/div>\n\t\t\t\t\t<\/div>\n\t\t<\/section>\n\t\t\t\t<section class=\"elementor-section elementor-top-section elementor-element elementor-element-94c5d68 elementor-section-boxed elementor-section-height-default elementor-section-height-default\" data-id=\"94c5d68\" data-element_type=\"section\" data-e-type=\"section\">\n\t\t\t\t\t\t<div class=\"elementor-container elementor-column-gap-default\">\n\t\t\t\t\t<div class=\"elementor-column elementor-col-100 elementor-top-column elementor-element elementor-element-8831663\" data-id=\"8831663\" data-element_type=\"column\" data-e-type=\"column\">\n\t\t\t<div class=\"elementor-widget-wrap elementor-element-populated\">\n\t\t\t\t\t\t<div class=\"elementor-element elementor-element-fc3c926 elementor-widget elementor-widget-spacer\" data-id=\"fc3c926\" data-element_type=\"widget\" data-e-type=\"widget\" data-widget_type=\"spacer.default\">\n\t\t\t\t<div class=\"elementor-widget-container\">\n\t\t\t\t\t\t\t<div class=\"elementor-spacer\">\n\t\t\t<div class=\"elementor-spacer-inner\"><\/div>\n\t\t<\/div>\n\t\t\t\t\t\t<\/div>\n\t\t\t\t<\/div>\n\t\t\t\t\t<\/div>\n\t\t<\/div>\n\t\t\t\t\t<\/div>\n\t\t<\/section>\n\t\t\t\t<section class=\"elementor-section elementor-top-section elementor-element elementor-element-423e5b3 elementor-section-boxed elementor-section-height-default elementor-section-height-default\" data-id=\"423e5b3\" data-element_type=\"section\" data-e-type=\"section\">\n\t\t\t\t\t\t<div class=\"elementor-container elementor-column-gap-default\">\n\t\t\t\t\t<div class=\"elementor-column elementor-col-100 elementor-top-column elementor-element elementor-element-7f8e275\" data-id=\"7f8e275\" data-element_type=\"column\" data-e-type=\"column\">\n\t\t\t<div class=\"elementor-widget-wrap elementor-element-populated\">\n\t\t\t\t\t\t<div class=\"elementor-element elementor-element-7a4931e elementor-widget elementor-widget-text-editor\" data-id=\"7a4931e\" data-element_type=\"widget\" data-e-type=\"widget\" data-widget_type=\"text-editor.default\">\n\t\t\t\t<div class=\"elementor-widget-container\">\n\t\t\t\t\t\t\t\t\t<h3>6. Manje ozbiljne posljedice za generalnog direktora<\/h3>\n<p>Rukovodioci koji prekora\u010de dozvoljenih 180 dana za slu\u017ebena putovanja ili 30 ili 90 dana za li\u010dna putovanja ne podlije\u017eu istim strogim posljedicama kao i drugi nosioci dozvola. Dok u drugim slu\u010dajevima mo\u017ee postojati rizik od nov\u010danih kazni ili \u010dak isklju\u010denja na \u0161est mjeseci, postoji manje ozbiljna sankcija za generalne direktore. <\/p>\n<p>Ako se prekora\u010di dozvoljeni period boravka u inostranstvu, generalni direktor mora <strong>ponovo dostaviti sva dokumenta<\/strong> koja su mu bila potrebna prilikom <strong>prve registracije<\/strong> prilikom obnavljanja dozvole boravka. To zna\u010di da on ne mora dostaviti samo uobi\u010dajene, smanjene dokumente za produ\u017eenje, ve\u0107 punu dokumentaciju kao i kod originalnog zahtjeva. To uklju\u010duje, izme\u0111u ostalog:  <\/p>\n<ul>\n<li>Aktuelna <strong>potvrda o provjeravanju u policiji sa apostilom (ne starije od 6 mjeseci)<\/strong><\/li>\n<\/ul>\n<p>Obi\u010dno je proces obnove mnogo jednostavniji i zahtijeva samo manji skup dokumenata. U ovom slu\u010daju, me\u0111utim, generalni direktor \u0107e se tretirati kao da prvi put podnosi zahtjev za izdavanje boravi\u0161ne dozvole. <\/p>\n<p>Pored ovog dodatnog napora, generalni direktor gubi i takozvane <strong>\u201enagomilane godine\u201c<\/strong> za naknadni zahtev za <strong>dozvolu stalnog boravka<\/strong> . U Crnoj Gori, stalni boravak se obi\u010dno odobrava nakon najmanje 5 uzastopnih godina legalnog boravka. Me\u0111utim, ako je dozvoljeni period boravka u inostranstvu prekora\u010den, ovaj period po\u010dinje <strong>ponovo<\/strong> . To zna\u010di da iako generalni direktor zadr\u017eava svoju boravi\u0161nu dozvolu, ponovo mora prikupiti nekoliko godina prije nego \u0161to se kvalifikuje za stalni boravak.   <\/p>\n<p>Iako su ove posljedice neugodne, one predstavljaju znatno bla\u017eu sankciju nego kod drugih oblika boravi\u0161ne dozvole. Izvr\u0161ni direktori stoga imaju vi\u0161e fleksibilnosti, ali moraju o\u010dekivati \u200b\u200bdodatne administrativne napore u slu\u010daju kr\u0161enja. <\/p>\n\t\t\t\t\t\t\t\t<\/div>\n\t\t\t\t<\/div>\n\t\t\t\t\t<\/div>\n\t\t<\/div>\n\t\t\t\t\t<\/div>\n\t\t<\/section>\n\t\t\t\t<section class=\"elementor-section elementor-top-section elementor-element elementor-element-2f0d5dd elementor-section-boxed elementor-section-height-default elementor-section-height-default\" data-id=\"2f0d5dd\" data-element_type=\"section\" data-e-type=\"section\">\n\t\t\t\t\t\t<div class=\"elementor-container elementor-column-gap-default\">\n\t\t\t\t\t<div class=\"elementor-column elementor-col-100 elementor-top-column elementor-element elementor-element-ac45e77\" data-id=\"ac45e77\" data-element_type=\"column\" data-e-type=\"column\">\n\t\t\t<div class=\"elementor-widget-wrap elementor-element-populated\">\n\t\t\t\t\t\t<div class=\"elementor-element elementor-element-94e354e elementor-widget elementor-widget-spacer\" data-id=\"94e354e\" data-element_type=\"widget\" data-e-type=\"widget\" data-widget_type=\"spacer.default\">\n\t\t\t\t<div class=\"elementor-widget-container\">\n\t\t\t\t\t\t\t<div class=\"elementor-spacer\">\n\t\t\t<div class=\"elementor-spacer-inner\"><\/div>\n\t\t<\/div>\n\t\t\t\t\t\t<\/div>\n\t\t\t\t<\/div>\n\t\t\t\t\t<\/div>\n\t\t<\/div>\n\t\t\t\t\t<\/div>\n\t\t<\/section>\n\t\t\t\t<section class=\"elementor-section elementor-top-section elementor-element elementor-element-b707d01 elementor-section-boxed elementor-section-height-default elementor-section-height-default\" data-id=\"b707d01\" data-element_type=\"section\" data-e-type=\"section\">\n\t\t\t\t\t\t<div class=\"elementor-container elementor-column-gap-default\">\n\t\t\t\t\t<div class=\"elementor-column elementor-col-100 elementor-top-column elementor-element elementor-element-681b224\" data-id=\"681b224\" data-element_type=\"column\" data-e-type=\"column\">\n\t\t\t<div class=\"elementor-widget-wrap elementor-element-populated\">\n\t\t\t\t\t\t<div class=\"elementor-element elementor-element-ffa8f36 elementor-widget elementor-widget-text-editor\" data-id=\"ffa8f36\" data-element_type=\"widget\" data-e-type=\"widget\" data-widget_type=\"text-editor.default\">\n\t\t\t\t<div class=\"elementor-widget-container\">\n\t\t\t\t\t\t\t\t\t<h3>7. Zaklju\u010dak: Pa\u017eljivo planirajte boravak u inostranstvu<\/h3>\n<p>Od klju\u010dne je va\u017enosti poznavati i po\u0161tovati <strong>propise za boravak u inostranstvu<\/strong> kako biste izbjegli gubitak boravi\u0161ne dozvole u Crnoj Gori. Bez obzira da li ste dobili odobrenje osnivanjem firme, kupovinom nekretnina ili spajanjem porodice, va\u017ei slede\u0107e: <\/p>\n<ul>\n<li>Mo\u017eete provesti <strong>do 30 dana<\/strong> godi\u0161nje van zemlje bez prijavljivanja.<\/li>\n<li>Ako <strong>se prijavite na vrijeme,<\/strong> ovaj period se mo\u017ee produ\u017eiti na <strong>90 dana<\/strong> godi\u0161nje.<\/li>\n<li>Generalni direktori imaju mogu\u0107nost da budu u inostranstvu <strong>do 180 dana<\/strong> godi\u0161nje ako postoji proverljiva <strong>slu\u017ebena putovanja<\/strong> .<\/li>\n<\/ul>\n<p>Po\u0161tovanje ovih rokova je va\u017eno kako ne biste nai\u0161li na probleme sa <strong>godi\u0161njim obnavljanjem<\/strong> boravi\u0161ne dozvole. Ako se dobro pripremite i na vrijeme podnesete potrebne zahtjeve, lak\u0161e \u0107ete upravljati du\u017eim boravcima u inostranstvu i osigurati boravak u Crnoj Gori. <\/p>\n\t\t\t\t\t\t\t\t<\/div>\n\t\t\t\t<\/div>\n\t\t\t\t\t<\/div>\n\t\t<\/div>\n\t\t\t\t\t<\/div>\n\t\t<\/section>\n\t\t\t\t<\/div>\n\t\t","protected":false},"excerpt":{"rendered":"<p>Koliko dugo mo\u017eete ostati van Crne Gore a da ne izgubite boravi\u0161nu dozvolu? Pitanje koliko dugo mo\u017eete ostati van zemlje kao nosilac boravi\u0161ne dozvole u Crnoj Gori je klju\u010dno za mnoge koji se sele u Crnu Goru. Bilo iz profesionalnih, porodi\u010dnih ili privatnih razloga, uvijek se mo\u017ee desiti da provedete du\u017ee vrijeme van Crne Gore. [&hellip;]<\/p>\n","protected":false},"author":2,"featured_media":89400,"comment_status":"open","ping_status":"open","sticky":false,"template":"","format":"standard","meta":{"_jetpack_memberships_contains_paid_content":false,"footnotes":""},"categories":[969,476,500,960,477],"tags":[877,480,481],"class_list":["post-89410","post","type-post","status-publish","format-standard","has-post-thumbnail","hentry","category-boravisna-dozvola","category-cinjenice-i-savjeti","category-emigrirajte-u-crnu-goru","category-osnivanje-kompanije","category-vijesti","tag-boravisna-dozvola","tag-cinjenice-i-savjeti","tag-vijesti"],"aioseo_notices":[],"jetpack_featured_media_url":"https:\/\/immo-monte.me\/wp-content\/uploads\/2024\/10\/Wie-lange-darf-man-sich-ausserhalb-von-Montenegro-aufhalten-ohne-die-Aufenthaltsgenehmigung-zu-verlieren.jpg","jetpack_sharing_enabled":true,"_links":{"self":[{"href":"https:\/\/immo-monte.me\/bs\/wp-json\/wp\/v2\/posts\/89410","targetHints":{"allow":["GET"]}}],"collection":[{"href":"https:\/\/immo-monte.me\/bs\/wp-json\/wp\/v2\/posts"}],"about":[{"href":"https:\/\/immo-monte.me\/bs\/wp-json\/wp\/v2\/types\/post"}],"author":[{"embeddable":true,"href":"https:\/\/immo-monte.me\/bs\/wp-json\/wp\/v2\/users\/2"}],"replies":[{"embeddable":true,"href":"https:\/\/immo-monte.me\/bs\/wp-json\/wp\/v2\/comments?post=89410"}],"version-history":[{"count":2,"href":"https:\/\/immo-monte.me\/bs\/wp-json\/wp\/v2\/posts\/89410\/revisions"}],"predecessor-version":[{"id":89415,"href":"https:\/\/immo-monte.me\/bs\/wp-json\/wp\/v2\/posts\/89410\/revisions\/89415"}],"wp:featuredmedia":[{"embeddable":true,"href":"https:\/\/immo-monte.me\/bs\/wp-json\/wp\/v2\/media\/89400"}],"wp:attachment":[{"href":"https:\/\/immo-monte.me\/bs\/wp-json\/wp\/v2\/media?parent=89410"}],"wp:term":[{"taxonomy":"category","embeddable":true,"href":"https:\/\/immo-monte.me\/bs\/wp-json\/wp\/v2\/categories?post=89410"},{"taxonomy":"post_tag","embeddable":true,"href":"https:\/\/immo-monte.me\/bs\/wp-json\/wp\/v2\/tags?post=89410"}],"curies":[{"name":"wp","href":"https:\/\/api.w.org\/{rel}","templated":true}]}}