{"id":89012,"date":"2024-10-15T05:49:00","date_gmt":"2024-10-15T03:49:00","guid":{"rendered":"https:\/\/immo-monte.me\/2024\/10\/15\/10-prednosti-pokretanja-kompanije-u-crnoj-gori\/"},"modified":"2024-10-15T05:49:41","modified_gmt":"2024-10-15T03:49:41","slug":"10-prednosti-pokretanja-kompanije-u-crnoj-gori","status":"publish","type":"post","link":"https:\/\/immo-monte.me\/bs\/2024\/10\/15\/10-prednosti-pokretanja-kompanije-u-crnoj-gori\/","title":{"rendered":"10 prednosti pokretanja kompanije u Crnoj Gori"},"content":{"rendered":"\t\t<div data-elementor-type=\"wp-post\" data-elementor-id=\"89012\" class=\"elementor elementor-89012 elementor-88502\" data-elementor-post-type=\"post\">\n\t\t\t\t\t\t<section class=\"elementor-section elementor-top-section elementor-element elementor-element-c42f8e5 elementor-section-boxed elementor-section-height-default elementor-section-height-default\" data-id=\"c42f8e5\" data-element_type=\"section\" data-e-type=\"section\">\n\t\t\t\t\t\t<div class=\"elementor-container elementor-column-gap-default\">\n\t\t\t\t\t<div class=\"elementor-column elementor-col-100 elementor-top-column elementor-element elementor-element-32b6611\" data-id=\"32b6611\" data-element_type=\"column\" data-e-type=\"column\">\n\t\t\t<div class=\"elementor-widget-wrap elementor-element-populated\">\n\t\t\t\t\t\t<div class=\"elementor-element elementor-element-cea2862 elementor-widget elementor-widget-heading\" data-id=\"cea2862\" data-element_type=\"widget\" data-e-type=\"widget\" data-widget_type=\"heading.default\">\n\t\t\t\t<div class=\"elementor-widget-container\">\n\t\t\t\t\t<h1 class=\"elementor-heading-title elementor-size-default\">10 prednosti pokretanja kompanije u Crnoj Gori<\/h1>\t\t\t\t<\/div>\n\t\t\t\t<\/div>\n\t\t\t\t\t<\/div>\n\t\t<\/div>\n\t\t\t\t\t<\/div>\n\t\t<\/section>\n\t\t\t\t<section class=\"elementor-section elementor-top-section elementor-element elementor-element-cd0ac9d elementor-section-boxed elementor-section-height-default elementor-section-height-default\" data-id=\"cd0ac9d\" data-element_type=\"section\" data-e-type=\"section\">\n\t\t\t\t\t\t<div class=\"elementor-container elementor-column-gap-default\">\n\t\t\t\t\t<div class=\"elementor-column elementor-col-100 elementor-top-column elementor-element elementor-element-f53f07e\" data-id=\"f53f07e\" data-element_type=\"column\" data-e-type=\"column\">\n\t\t\t<div class=\"elementor-widget-wrap elementor-element-populated\">\n\t\t\t\t\t\t<div class=\"elementor-element elementor-element-f7fa94b elementor-widget elementor-widget-text-editor\" data-id=\"f7fa94b\" data-element_type=\"widget\" data-e-type=\"widget\" data-widget_type=\"text-editor.default\">\n\t\t\t\t<div class=\"elementor-widget-container\">\n\t\t\t\t\t\t\t\t\t<p>Crna Gora je posljednjih godina postala popularna destinacija za preduzetnike koji tra\u017ee ekonomski atraktivnu lokaciju za svoje preduze\u0107e. Dr\u017eava ne nudi samo porezne i pravne povlastice, ve\u0107 i strate\u0161ku lokaciju na jadranskoj obali. U nastavku \u0107emo pogledati najva\u017enije prednosti osnivanja preduze\u0107a u Crnoj Gori i pokazati za\u0161to sve vi\u0161e preduzetnika razmatra ovu lokaciju.  <\/p>\n\t\t\t\t\t\t\t\t<\/div>\n\t\t\t\t<\/div>\n\t\t\t\t\t<\/div>\n\t\t<\/div>\n\t\t\t\t\t<\/div>\n\t\t<\/section>\n\t\t\t\t<section class=\"elementor-section elementor-top-section elementor-element elementor-element-d5ddf2f elementor-section-boxed elementor-section-height-default elementor-section-height-default\" data-id=\"d5ddf2f\" data-element_type=\"section\" data-e-type=\"section\">\n\t\t\t\t\t\t<div class=\"elementor-container elementor-column-gap-default\">\n\t\t\t\t\t<div class=\"elementor-column elementor-col-100 elementor-top-column elementor-element elementor-element-763224a\" data-id=\"763224a\" data-element_type=\"column\" data-e-type=\"column\">\n\t\t\t<div class=\"elementor-widget-wrap elementor-element-populated\">\n\t\t\t\t\t\t<div class=\"elementor-element elementor-element-bba3d0f elementor-widget elementor-widget-text-editor\" data-id=\"bba3d0f\" data-element_type=\"widget\" data-e-type=\"widget\" data-widget_type=\"text-editor.default\">\n\t\t\t\t<div class=\"elementor-widget-container\">\n\t\t\t\t\t\t\t\t\t<h3>1. Poreske olak\u0161ice<\/h3>\n<p>Jedna od najve\u0107ih prednosti osnivanja preduze\u0107a u Crnoj Gori je atraktivan poreski sistem. Sa stopom poreza na dobit preduze\u0107a od samo 9%, Crna Gora je jedna od zemalja sa najni\u017eim poreskim stopama u Evropi. Za preduzetnike to zna\u010di zna\u010dajne poreske u\u0161tede u pore\u0111enju sa drugim zemljama, \u0161to zna\u010di da je vi\u0161e sredstava dostupno za ulaganja i rast.  <\/p>\n<h4>Pregled najva\u017enijih poreza<\/h4>\n<p>Poreske stope u Crnoj Gori nisu samo niske, ve\u0107 su i jasno strukturirane. Evo tabele najva\u017enijih korporativnih poreza: <\/p>\n<table>\n<thead>\n<tr>\n<th>Steuerart<\/th>\n<th>Steuersatz<\/th>\n<th>Bemerkung<\/th>\n<\/tr>\n<\/thead>\n<tbody>\n<tr>\n<td>Korporativni porez<\/td>\n<td>9%<\/td>\n<td>Jedna od najni\u017eih stopa u Evropi<\/td>\n<\/tr>\n<tr>\n<td>Porez na promet (PDV)<\/td>\n<td>21% (normalno)<\/td>\n<td>Sni\u017eene stope za odre\u0111ene proizvode i usluge<\/td>\n<\/tr>\n<tr>\n<td>Porez na dohodak<\/td>\n<td>9% \u2013 15%<\/td>\n<td>u zavisnosti od li\u010dnog dohotka<\/td>\n<\/tr>\n<tr>\n<td>Porez na kapitalnu dobit<\/td>\n<td>9%<\/td>\n<td>porez na dobit od ulaganja<\/td>\n<\/tr>\n<tr>\n<td>Doprinosi za socijalno osiguranje<\/td>\n<td>15% \u2013 20%<\/td>\n<td>u\u010de\u0161\u0107e poslodavaca i zaposlenih<\/td>\n<\/tr>\n<tr>\n<td>Trgovinski porez<\/td>\n<td>Nema<\/td>\n<td>Nema dodatnog poreza za trgovce<\/td>\n<\/tr>\n<\/tbody>\n<\/table>\n<p>Ove niske poreske stope su klju\u010dni faktor u mnogim prednostima pokretanja biznisa u Crnoj Gori i stvaraju izuzetno povoljno poslovno okru\u017eenje.<\/p>\n\t\t\t\t\t\t\t\t<\/div>\n\t\t\t\t<\/div>\n\t\t\t\t\t<\/div>\n\t\t<\/div>\n\t\t\t\t\t<\/div>\n\t\t<\/section>\n\t\t\t\t<section class=\"elementor-section elementor-top-section elementor-element elementor-element-b51cd97 elementor-section-boxed elementor-section-height-default elementor-section-height-default\" data-id=\"b51cd97\" data-element_type=\"section\" data-e-type=\"section\">\n\t\t\t\t\t\t<div class=\"elementor-container elementor-column-gap-default\">\n\t\t\t\t\t<div class=\"elementor-column elementor-col-100 elementor-top-column elementor-element elementor-element-ff30f3e\" data-id=\"ff30f3e\" data-element_type=\"column\" data-e-type=\"column\">\n\t\t\t<div class=\"elementor-widget-wrap elementor-element-populated\">\n\t\t\t\t\t\t<div class=\"elementor-element elementor-element-c06f6f8 elementor-widget elementor-widget-text-editor\" data-id=\"c06f6f8\" data-element_type=\"widget\" data-e-type=\"widget\" data-widget_type=\"text-editor.default\">\n\t\t\t\t<div class=\"elementor-widget-container\">\n\t\t\t\t\t\t\t\t\t<h3>2. Niski tro\u0161kovi za zaposlene<\/h3>\n<p>Tro\u0161kovi plata i doprinosa za zaposlene u Crnoj Gori su veoma niski u pore\u0111enju sa Zapadnom Evropom. Doprinosi za socijalno osiguranje za poslodavce iznose samo 15% do 20%, \u0161to zna\u010di da su ukupni tro\u0161kovi jednog zaposlenog znatno ni\u017ei nego u drugim evropskim zemljama. Prosje\u010dan zaposleni ko\u0161ta kompaniju izme\u0111u 500 i 1.000 eura mjese\u010dno, \u0161to je jo\u0161 jedna prednost osnivanja preduze\u0107a u Crnoj Gori, posebno za kompanije koje se oslanjaju na kvalifikovane radnike uz umjerenu cijenu.  <\/p>\n\t\t\t\t\t\t\t\t<\/div>\n\t\t\t\t<\/div>\n\t\t\t\t\t<\/div>\n\t\t<\/div>\n\t\t\t\t\t<\/div>\n\t\t<\/section>\n\t\t\t\t<section class=\"elementor-section elementor-top-section elementor-element elementor-element-b2bd171 elementor-section-boxed elementor-section-height-default elementor-section-height-default\" data-id=\"b2bd171\" data-element_type=\"section\" data-e-type=\"section\">\n\t\t\t\t\t\t<div class=\"elementor-container elementor-column-gap-default\">\n\t\t\t\t\t<div class=\"elementor-column elementor-col-100 elementor-top-column elementor-element elementor-element-93f02fc\" data-id=\"93f02fc\" data-element_type=\"column\" data-e-type=\"column\">\n\t\t\t<div class=\"elementor-widget-wrap elementor-element-populated\">\n\t\t\t\t\t\t<div class=\"elementor-element elementor-element-9879517 elementor-widget elementor-widget-text-editor\" data-id=\"9879517\" data-element_type=\"widget\" data-e-type=\"widget\" data-widget_type=\"text-editor.default\">\n\t\t\t\t<div class=\"elementor-widget-container\">\n\t\t\t\t\t\t\t\t\t<h3>3. Jeftine cijene najma komercijalnih nekretnina<\/h3>\n<p>Cijene zakupa komercijalnih nekretnina u Crnoj Gori su izuzetno pristupa\u010dne u odnosu na mnoge druge zemlje. Bilo u glavnom gradu Podgorici ili u primorskim gradovima &#8211; tro\u0161kovi poslovnog i poslovnog prostora su niski, \u0161to dodatno smanjuje fiksne tro\u0161kove za kompanije. Ova finansijska prednost omogu\u0107ava preduzetnicima da rade ekonomi\u010dno, \u0161to je jo\u0161 jedna od prednosti pokretanja biznisa u Crnoj Gori.  <\/p>\n\t\t\t\t\t\t\t\t<\/div>\n\t\t\t\t<\/div>\n\t\t\t\t\t<\/div>\n\t\t<\/div>\n\t\t\t\t\t<\/div>\n\t\t<\/section>\n\t\t\t\t<section class=\"elementor-section elementor-top-section elementor-element elementor-element-5b417ce elementor-section-boxed elementor-section-height-default elementor-section-height-default\" data-id=\"5b417ce\" data-element_type=\"section\" data-e-type=\"section\">\n\t\t\t\t\t\t<div class=\"elementor-container elementor-column-gap-default\">\n\t\t\t\t\t<div class=\"elementor-column elementor-col-100 elementor-top-column elementor-element elementor-element-03f2f38\" data-id=\"03f2f38\" data-element_type=\"column\" data-e-type=\"column\">\n\t\t\t<div class=\"elementor-widget-wrap elementor-element-populated\">\n\t\t\t\t\t\t<div class=\"elementor-element elementor-element-c4b5d6f elementor-widget elementor-widget-text-editor\" data-id=\"c4b5d6f\" data-element_type=\"widget\" data-e-type=\"widget\" data-widget_type=\"text-editor.default\">\n\t\t\t\t<div class=\"elementor-widget-container\">\n\t\t\t\t\t\t\t\t\t<h3>4. Strate\u0161ki geografski polo\u017eaj<\/h3>\n<p>Crna Gora se nalazi na obali Jadranskog mora i nudi odli\u010dan pristup tr\u017ei\u0161tima Jugoisto\u010dne Evrope, Centralne Evrope i Mediterana. Ova lokacija Crnu Goru \u010dini posebno interesantnom za kompanije koje \u017eele da posluju kako u Evropi tako i na Balkanu. Povezanost sa me\u0111unarodnim transportnim pravcima, lukama i aerodromima obezbje\u0111uje efikasnu logistiku, \u0161to je jo\u0161 jedna prednost osnivanja preduze\u0107a u Crnoj Gori, posebno za trgovinska i izvozna preduze\u0107a.  <\/p>\n\t\t\t\t\t\t\t\t<\/div>\n\t\t\t\t<\/div>\n\t\t\t\t\t<\/div>\n\t\t<\/div>\n\t\t\t\t\t<\/div>\n\t\t<\/section>\n\t\t\t\t<section class=\"elementor-section elementor-top-section elementor-element elementor-element-9d8f062 elementor-section-boxed elementor-section-height-default elementor-section-height-default\" data-id=\"9d8f062\" data-element_type=\"section\" data-e-type=\"section\">\n\t\t\t\t\t\t<div class=\"elementor-container elementor-column-gap-default\">\n\t\t\t\t\t<div class=\"elementor-column elementor-col-100 elementor-top-column elementor-element elementor-element-a119b9e\" data-id=\"a119b9e\" data-element_type=\"column\" data-e-type=\"column\">\n\t\t\t<div class=\"elementor-widget-wrap elementor-element-populated\">\n\t\t\t\t\t\t<div class=\"elementor-element elementor-element-0e424d2 elementor-widget elementor-widget-text-editor\" data-id=\"0e424d2\" data-element_type=\"widget\" data-e-type=\"widget\" data-widget_type=\"text-editor.default\">\n\t\t\t\t<div class=\"elementor-widget-container\">\n\t\t\t\t\t\t\t\t\t<h3>5. Jednostavno i brzo formiranje kompanije<\/h3>\n<p>Jo\u0161 jedna prednost osnivanja preduze\u0107a u Crnoj Gori je brz i jednostavan proces osnivanja. Firma se mo\u017ee zvani\u010dno registrovati u roku od nekoliko dana i nema velikih birokratskih prepreka koje treba prevazi\u0107i. Osim toga, ne postoje zahtjevi za minimalnim po\u010detnim kapitalom, \u0161to je posebno atraktivno za startapove i male kompanije.  <\/p>\n\t\t\t\t\t\t\t\t<\/div>\n\t\t\t\t<\/div>\n\t\t\t\t\t<\/div>\n\t\t<\/div>\n\t\t\t\t\t<\/div>\n\t\t<\/section>\n\t\t\t\t<section class=\"elementor-section elementor-top-section elementor-element elementor-element-33677a0 elementor-section-boxed elementor-section-height-default elementor-section-height-default\" data-id=\"33677a0\" data-element_type=\"section\" data-e-type=\"section\">\n\t\t\t\t\t\t<div class=\"elementor-container elementor-column-gap-default\">\n\t\t\t\t\t<div class=\"elementor-column elementor-col-100 elementor-top-column elementor-element elementor-element-35b43c1\" data-id=\"35b43c1\" data-element_type=\"column\" data-e-type=\"column\">\n\t\t\t<div class=\"elementor-widget-wrap elementor-element-populated\">\n\t\t\t\t\t\t<div class=\"elementor-element elementor-element-e828cf0 elementor-widget elementor-widget-text-editor\" data-id=\"e828cf0\" data-element_type=\"widget\" data-e-type=\"widget\" data-widget_type=\"text-editor.default\">\n\t\t\t\t<div class=\"elementor-widget-container\">\n\t\t\t\t\t\t\t\t\t<h3>6. Nije potreban po\u010detni kapital i prodaja<\/h3>\n<p>U Crnoj Gori je mogu\u0107e pokrenuti posao bez obaveze po\u010detnog kapitala. Ovo je odlu\u010duju\u0107a prednost za preduzetnike koji ne mogu ili ne \u017eele da prikupe velika finansijska sredstva. Nadalje, nije potrebno odmah generirati prodaju. Ova fleksibilnost nudi preduzetnicima vrijeme i prostor da u miru izgrade svoje poslovanje, a da ne budu odmah pod finansijskim pritiskom \u2013 va\u017ena prednost otvaranja biznisa u Crnoj Gori.   <\/p>\n\t\t\t\t\t\t\t\t<\/div>\n\t\t\t\t<\/div>\n\t\t\t\t\t<\/div>\n\t\t<\/div>\n\t\t\t\t\t<\/div>\n\t\t<\/section>\n\t\t\t\t<section class=\"elementor-section elementor-top-section elementor-element elementor-element-ab2b063 elementor-section-boxed elementor-section-height-default elementor-section-height-default\" data-id=\"ab2b063\" data-element_type=\"section\" data-e-type=\"section\">\n\t\t\t\t\t\t<div class=\"elementor-container elementor-column-gap-default\">\n\t\t\t\t\t<div class=\"elementor-column elementor-col-100 elementor-top-column elementor-element elementor-element-cf41f91\" data-id=\"cf41f91\" data-element_type=\"column\" data-e-type=\"column\">\n\t\t\t<div class=\"elementor-widget-wrap elementor-element-populated\">\n\t\t\t\t\t\t<div class=\"elementor-element elementor-element-e63ed4b elementor-widget elementor-widget-text-editor\" data-id=\"e63ed4b\" data-element_type=\"widget\" data-e-type=\"widget\" data-widget_type=\"text-editor.default\">\n\t\t\t\t<div class=\"elementor-widget-container\">\n\t\t\t\t\t\t\t\t\t<h3>7. Izgledi ulaska u EU<\/h3>\n<p>Crna Gora je ve\u0107 zvani\u010dni kandidat za \u010dlanstvo u EU i pregovori napreduju. Ulazak u Evropsku uniju ne samo da bi olak\u0161ao pristup tr\u017ei\u0161tima EU, ve\u0107 bi i dodatno oja\u010dao ekonomsku stabilnost zemlje. Za kompanije to zna\u010di dodatnu sigurnost i nove poslovne mogu\u0107nosti. Preduzetnici koji rano postanu aktivni u Crnoj Gori mogu imati koristi od ovih dugoro\u010dnih prednosti osnivanja preduze\u0107a u Crnoj Gori.   <\/p>\n\t\t\t\t\t\t\t\t<\/div>\n\t\t\t\t<\/div>\n\t\t\t\t\t<\/div>\n\t\t<\/div>\n\t\t\t\t\t<\/div>\n\t\t<\/section>\n\t\t\t\t<section class=\"elementor-section elementor-top-section elementor-element elementor-element-b7a53c4 elementor-section-boxed elementor-section-height-default elementor-section-height-default\" data-id=\"b7a53c4\" data-element_type=\"section\" data-e-type=\"section\">\n\t\t\t\t\t\t<div class=\"elementor-container elementor-column-gap-default\">\n\t\t\t\t\t<div class=\"elementor-column elementor-col-100 elementor-top-column elementor-element elementor-element-42ef722\" data-id=\"42ef722\" data-element_type=\"column\" data-e-type=\"column\">\n\t\t\t<div class=\"elementor-widget-wrap elementor-element-populated\">\n\t\t\t\t\t\t<div class=\"elementor-element elementor-element-93a7db0 elementor-widget elementor-widget-text-editor\" data-id=\"93a7db0\" data-element_type=\"widget\" data-e-type=\"widget\" data-widget_type=\"text-editor.default\">\n\t\t\t\t<div class=\"elementor-widget-container\">\n\t\t\t\t\t\t\t\t\t<h3>8. SEPA \u0161ema direktnog tere\u0107enja od januara 2025<\/h3>\n<p>Crna Gora \u0107e od januara 2025. godine pristupiti SEPA \u0161emi direktnog zadu\u017eivanja, \u0161to \u0107e zna\u010dajno pojednostaviti platne transakcije unutar Evrope. Ovo omogu\u0107ava kompanijama u Crnoj Gori da br\u017ee i isplativije obra\u0111uju prekograni\u010dna pla\u0107anja unutar SEPA podru\u010dja. Ovo povezivanje sa SEPA procedurom je jo\u0161 jedna prednost osnivanja kompanije u Crnoj Gori, jer olak\u0161ava platni promet sa inostranstvom.  <\/p>\n<h4> <\/h4>\n\t\t\t\t\t\t\t\t<\/div>\n\t\t\t\t<\/div>\n\t\t\t\t\t<\/div>\n\t\t<\/div>\n\t\t\t\t\t<\/div>\n\t\t<\/section>\n\t\t\t\t<section class=\"elementor-section elementor-top-section elementor-element elementor-element-3d0453f elementor-section-boxed elementor-section-height-default elementor-section-height-default\" data-id=\"3d0453f\" data-element_type=\"section\" data-e-type=\"section\">\n\t\t\t\t\t\t<div class=\"elementor-container elementor-column-gap-default\">\n\t\t\t\t\t<div class=\"elementor-column elementor-col-100 elementor-top-column elementor-element elementor-element-cdc134c\" data-id=\"cdc134c\" data-element_type=\"column\" data-e-type=\"column\">\n\t\t\t<div class=\"elementor-widget-wrap elementor-element-populated\">\n\t\t\t\t\t\t<div class=\"elementor-element elementor-element-3fffa84 elementor-widget elementor-widget-text-editor\" data-id=\"3fffa84\" data-element_type=\"widget\" data-e-type=\"widget\" data-widget_type=\"text-editor.default\">\n\t\t\t\t<div class=\"elementor-widget-container\">\n\t\t\t\t\t\t\t\t\t<h3>9. Bez poreza na promet i \u0161iroko polje djelovanja<\/h3>\n<p>Crna Gora ne napla\u0107uje porez na poslovanje, \u0161to dodatno smanjuje poresko optere\u0107enje preduze\u0107a. Osim toga, kompanijama se automatski dodjeljuje \u0161irok spektar komercijalnih aktivnosti, \u0161to im omogu\u0107ava da rade u vi\u0161e industrija bez dodatnih dozvola. Ova administrativna prednost je jo\u0161 jedna zna\u010dajna prednost osnivanja preduze\u0107a u Crnoj Gori, jer preduzetnicima nudi maksimalnu fleksibilnost i ekonomi\u010dnost.  <\/p>\n\t\t\t\t\t\t\t\t<\/div>\n\t\t\t\t<\/div>\n\t\t\t\t\t<\/div>\n\t\t<\/div>\n\t\t\t\t\t<\/div>\n\t\t<\/section>\n\t\t\t\t<section class=\"elementor-section elementor-top-section elementor-element elementor-element-57cf480 elementor-section-boxed elementor-section-height-default elementor-section-height-default\" data-id=\"57cf480\" data-element_type=\"section\" data-e-type=\"section\">\n\t\t\t\t\t\t<div class=\"elementor-container elementor-column-gap-default\">\n\t\t\t\t\t<div class=\"elementor-column elementor-col-100 elementor-top-column elementor-element elementor-element-d7d4cbd\" data-id=\"d7d4cbd\" data-element_type=\"column\" data-e-type=\"column\">\n\t\t\t<div class=\"elementor-widget-wrap elementor-element-populated\">\n\t\t\t\t\t\t<div class=\"elementor-element elementor-element-a1a260c elementor-widget elementor-widget-text-editor\" data-id=\"a1a260c\" data-element_type=\"widget\" data-e-type=\"widget\" data-widget_type=\"text-editor.default\">\n\t\t\t\t<div class=\"elementor-widget-container\">\n\t\t\t\t\t\t\t\t\t<h3>10. Boravi\u0161na dozvola kroz radni odnos kao generalni direktor<\/h3>\n<p>Posebno atraktivna <strong>prednost osnivanja preduze\u0107a u Crnoj Gori<\/strong> je mogu\u0107nost dobijanja boravi\u0161ne dozvole u Crnoj Gori osnivanjem preduze\u0107a i anga\u017eovanjem na poziciji generalnog direktora. Ovo je presudan faktor za mnoge strane preduzetnike koji planiraju da stalno \u017eive i rade u Crnoj Gori. Boravi\u0161na dozvola ne samo da pru\u017ea pravnu sigurnost, ve\u0107 i pristup svim prednostima koje pru\u017ea \u017eivot u Crnoj Gori, kao \u0161to su prijatna klima, niske cijene \u017eivota i visok kvalitet \u017eivota.  <\/p>\n\t\t\t\t\t\t\t\t<\/div>\n\t\t\t\t<\/div>\n\t\t\t\t\t<\/div>\n\t\t<\/div>\n\t\t\t\t\t<\/div>\n\t\t<\/section>\n\t\t\t\t<section class=\"elementor-section elementor-top-section elementor-element elementor-element-6293991 elementor-section-boxed elementor-section-height-default elementor-section-height-default\" data-id=\"6293991\" data-element_type=\"section\" data-e-type=\"section\">\n\t\t\t\t\t\t<div class=\"elementor-container elementor-column-gap-default\">\n\t\t\t\t\t<div class=\"elementor-column elementor-col-100 elementor-top-column elementor-element elementor-element-4d95442\" data-id=\"4d95442\" data-element_type=\"column\" data-e-type=\"column\">\n\t\t\t<div class=\"elementor-widget-wrap elementor-element-populated\">\n\t\t\t\t\t\t<div class=\"elementor-element elementor-element-b8b30e6 elementor-widget elementor-widget-text-editor\" data-id=\"b8b30e6\" data-element_type=\"widget\" data-e-type=\"widget\" data-widget_type=\"text-editor.default\">\n\t\t\t\t<div class=\"elementor-widget-container\">\n\t\t\t\t\t\t\t\t\t<h3>Zaklju\u010dak<\/h3>\n<p>Prednosti osnivanja preduze\u0107a u Crnoj Gori su raznovrsne i uvjerljive: niski porezi, niski tro\u0161kovi rada, pristupa\u010dne cijene zakupa i jednostavan proces pokretanja \u010dine zemlju atraktivnom lokacijom za kompanije. Osim toga, strate\u0161ka lokacija, predstoje\u0107e povezivanje na SEPA sistem i izgledi za ulazak u EU nude zanimljive dugoro\u010dne izglede. Crna Gora nudi fleksibilno i poslovno okru\u017eenje koje omogu\u0107ava kompanijama da posluju efikasno i profitabilno.  <\/p>\n\t\t\t\t\t\t\t\t<\/div>\n\t\t\t\t<\/div>\n\t\t\t\t\t<\/div>\n\t\t<\/div>\n\t\t\t\t\t<\/div>\n\t\t<\/section>\n\t\t\t\t<section class=\"elementor-section elementor-top-section elementor-element elementor-element-1b84a1a elementor-section-boxed elementor-section-height-default elementor-section-height-default\" data-id=\"1b84a1a\" data-element_type=\"section\" data-e-type=\"section\">\n\t\t\t\t\t\t<div class=\"elementor-container elementor-column-gap-default\">\n\t\t\t\t\t<div class=\"elementor-column elementor-col-100 elementor-top-column elementor-element elementor-element-fa1c5e4\" data-id=\"fa1c5e4\" data-element_type=\"column\" data-e-type=\"column\">\n\t\t\t<div class=\"elementor-widget-wrap elementor-element-populated\">\n\t\t\t\t\t\t<div class=\"elementor-element elementor-element-c53accf elementor-widget elementor-widget-spacer\" data-id=\"c53accf\" data-element_type=\"widget\" data-e-type=\"widget\" data-widget_type=\"spacer.default\">\n\t\t\t\t<div class=\"elementor-widget-container\">\n\t\t\t\t\t\t\t<div class=\"elementor-spacer\">\n\t\t\t<div class=\"elementor-spacer-inner\"><\/div>\n\t\t<\/div>\n\t\t\t\t\t\t<\/div>\n\t\t\t\t<\/div>\n\t\t\t\t\t<\/div>\n\t\t<\/div>\n\t\t\t\t\t<\/div>\n\t\t<\/section>\n\t\t\t\t<section class=\"elementor-section elementor-top-section elementor-element elementor-element-cbcf929 elementor-section-boxed elementor-section-height-default elementor-section-height-default\" data-id=\"cbcf929\" data-element_type=\"section\" data-e-type=\"section\" data-settings=\"{&quot;background_background&quot;:&quot;classic&quot;}\">\n\t\t\t\t\t\t<div class=\"elementor-container elementor-column-gap-default\">\n\t\t\t\t\t<div class=\"elementor-column elementor-col-100 elementor-top-column elementor-element elementor-element-7a1232e\" data-id=\"7a1232e\" data-element_type=\"column\" data-e-type=\"column\">\n\t\t\t<div class=\"elementor-widget-wrap elementor-element-populated\">\n\t\t\t\t\t\t<div class=\"elementor-element elementor-element-1944fa9 elementor-widget elementor-widget-spacer\" data-id=\"1944fa9\" data-element_type=\"widget\" data-e-type=\"widget\" data-widget_type=\"spacer.default\">\n\t\t\t\t<div class=\"elementor-widget-container\">\n\t\t\t\t\t\t\t<div class=\"elementor-spacer\">\n\t\t\t<div class=\"elementor-spacer-inner\"><\/div>\n\t\t<\/div>\n\t\t\t\t\t\t<\/div>\n\t\t\t\t<\/div>\n\t\t\t\t<div class=\"elementor-element elementor-element-36b7292 elementor-widget elementor-widget-heading\" data-id=\"36b7292\" data-element_type=\"widget\" data-e-type=\"widget\" data-widget_type=\"heading.default\">\n\t\t\t\t<div class=\"elementor-widget-container\">\n\t\t\t\t\t<h2 class=\"elementor-heading-title elementor-size-default\">Da li ste tako\u0111e zainteresovani za osnivanje kompanije u Crnoj Gori?  <\/h2>\t\t\t\t<\/div>\n\t\t\t\t<\/div>\n\t\t\t\t<div class=\"elementor-element elementor-element-e434a53 elementor-widget elementor-widget-text-editor\" data-id=\"e434a53\" data-element_type=\"widget\" data-e-type=\"widget\" data-widget_type=\"text-editor.default\">\n\t\t\t\t<div class=\"elementor-widget-container\">\n\t\t\t\t\t\t\t\t\t<p>Mi \u0107emo vas podr\u017eati tako da proces za vas te\u010de brzo i glatko. Mo\u017eete nas kontaktirati i direktno na +382 (0)69 &#8211; 209 925 ili nam poslati poruku putem kontakt forme.   <\/p>\n\t\t\t\t\t\t\t\t<\/div>\n\t\t\t\t<\/div>\n\t\t\t\t<div class=\"elementor-element elementor-element-7e8b20e elementor-widget elementor-widget-wpforms\" data-id=\"7e8b20e\" data-element_type=\"widget\" data-e-type=\"widget\" data-widget_type=\"wpforms.default\">\n\t\t\t\t<div class=\"elementor-widget-container\">\n\t\t\t\t\t<div class=\"wpforms-container wpforms-container-full\" id=\"wpforms-47215\"><form id=\"wpforms-form-47215\" class=\"wpforms-validate wpforms-form wpforms-ajax-form\" data-formid=\"47215\" method=\"post\" enctype=\"multipart\/form-data\" action=\"\/bs\/wp-json\/wp\/v2\/posts\/89012\" data-token=\"710b6245c507f147a9c70f2b302f9af6\" data-token-time=\"1777456124\"><noscript class=\"wpforms-error-noscript\">Please enable JavaScript in your browser to complete this form.<\/noscript><div class=\"wpforms-field-container\"><div id=\"wpforms-47215-field_0-container\" class=\"wpforms-field wpforms-field-name\" data-field-id=\"0\"><label class=\"wpforms-field-label\">Prezime <span class=\"wpforms-required-label\">*<\/span><\/label><div class=\"wpforms-field-row wpforms-field-medium\"><div class=\"wpforms-field-row-block wpforms-first wpforms-one-half\"><input type=\"text\" id=\"wpforms-47215-field_0\" class=\"wpforms-field-name-first wpforms-field-required\" name=\"wpforms[fields][0][first]\" required><label for=\"wpforms-47215-field_0\" class=\"wpforms-field-sublabel after\">Ime<\/label><\/div><div class=\"wpforms-field-row-block wpforms-one-half\"><input type=\"text\" id=\"wpforms-47215-field_0-last\" class=\"wpforms-field-name-last wpforms-field-required\" name=\"wpforms[fields][0][last]\" required><label for=\"wpforms-47215-field_0-last\" class=\"wpforms-field-sublabel after\">Prezime<\/label><\/div><\/div><\/div><div id=\"wpforms-47215-field_1-container\" class=\"wpforms-field wpforms-field-email\" data-field-id=\"1\"><label class=\"wpforms-field-label\" for=\"wpforms-47215-field_1\">e-mail <span class=\"wpforms-required-label\">*<\/span><\/label><input type=\"email\" id=\"wpforms-47215-field_1\" class=\"wpforms-field-medium wpforms-field-required\" name=\"wpforms[fields][1]\" spellcheck=\"false\" required><\/div><div id=\"wpforms-47215-field_4-container\" class=\"wpforms-field wpforms-field-number\" data-field-id=\"4\"><label class=\"wpforms-field-label\" for=\"wpforms-47215-field_4\">Broj telefona<\/label><input type=\"number\" id=\"wpforms-47215-field_4\" class=\"wpforms-field-medium\" name=\"wpforms[fields][4]\" step=\"any\" ><\/div><div id=\"wpforms-47215-field_2-container\" class=\"wpforms-field wpforms-field-textarea\" data-field-id=\"2\"><label class=\"wpforms-field-label\" for=\"wpforms-47215-field_2\">Komentar ili poruka<\/label><textarea id=\"wpforms-47215-field_2\" class=\"wpforms-field-medium\" name=\"wpforms[fields][2]\" ><\/textarea><\/div><div id=\"wpforms-47215-field_3-container\" class=\"wpforms-field wpforms-field-checkbox\" data-field-id=\"3\"><label class=\"wpforms-field-label\">Potvrdni okviri <span class=\"wpforms-required-label\">*<\/span><\/label><ul id=\"wpforms-47215-field_3\" class=\"wpforms-field-required\"><li class=\"choice-1 depth-1\"><input type=\"checkbox\" id=\"wpforms-47215-field_3_1\" name=\"wpforms[fields][3][]\" value=\"Pro\u010ditao sam izjavu o za\u0161titi podataka. Sla\u017eem se da \u0107e se moji podaci i podaci prikupljati i pohranjivati elektronski kako bismo odgovorili na moj zahtjev. Napomena: Svoj pristanak mo\u017eete opozvati u bilo kom trenutku u budu\u0107nosti slanjem e-po\u0161te na: info@immo-monte.me  \" required ><label class=\"wpforms-field-label-inline\" for=\"wpforms-47215-field_3_1\">Pro\u010ditao sam izjavu o za\u0161titi podataka. Sla\u017eem se da \u0107e se moji podaci i podaci prikupljati i pohranjivati elektronski kako bismo odgovorili na moj zahtjev. Napomena: Svoj pristanak mo\u017eete opozvati u bilo kom trenutku u budu\u0107nosti slanjem e-po\u0161te na: info@immo-monte.me<\/label><\/li><\/ul><\/div><\/div><!-- .wpforms-field-container --><div class=\"wpforms-recaptcha-container wpforms-is-recaptcha wpforms-is-recaptcha-type-v2\" ><div class=\"g-recaptcha\" data-sitekey=\"6Ldx2XssAAAAANDzZ27XAKVulgB_EUbfSwl8UHqY\"><\/div><input type=\"text\" name=\"g-recaptcha-hidden\" class=\"wpforms-recaptcha-hidden\" style=\"position:absolute!important;clip:rect(0,0,0,0)!important;height:1px!important;width:1px!important;border:0!important;overflow:hidden!important;padding:0!important;margin:0!important;\" data-rule-recaptcha=\"1\"><\/div><div class=\"wpforms-submit-container\" ><input type=\"hidden\" name=\"wpforms[id]\" value=\"47215\"><input type=\"hidden\" name=\"page_title\" value=\"\"><input type=\"hidden\" name=\"page_url\" value=\"https:\/\/immo-monte.me\/bs\/wp-json\/wp\/v2\/posts\/89012\"><input type=\"hidden\" name=\"url_referer\" value=\"\"><button type=\"submit\" name=\"wpforms[submit]\" id=\"wpforms-submit-47215\" class=\"wpforms-submit\" data-alt-text=\"Po\u0161alji\u2026\" data-submit-text=\"Submit\" aria-live=\"assertive\" value=\"wpforms-submit\">Submit<\/button><img decoding=\"async\" src=\"https:\/\/immo-monte.me\/wp-content\/plugins\/wpforms-lite\/assets\/images\/submit-spin.svg\" class=\"wpforms-submit-spinner\" style=\"display: none;\" width=\"26\" height=\"26\" alt=\"Loading\"><\/div><\/form><\/div>  <!-- .wpforms-container -->\t\t\t\t<\/div>\n\t\t\t\t<\/div>\n\t\t\t\t<div class=\"elementor-element elementor-element-d012b01 elementor-widget elementor-widget-spacer\" data-id=\"d012b01\" data-element_type=\"widget\" data-e-type=\"widget\" data-widget_type=\"spacer.default\">\n\t\t\t\t<div class=\"elementor-widget-container\">\n\t\t\t\t\t\t\t<div class=\"elementor-spacer\">\n\t\t\t<div class=\"elementor-spacer-inner\"><\/div>\n\t\t<\/div>\n\t\t\t\t\t\t<\/div>\n\t\t\t\t<\/div>\n\t\t\t\t\t<\/div>\n\t\t<\/div>\n\t\t\t\t\t<\/div>\n\t\t<\/section>\n\t\t\t\t<section class=\"elementor-section elementor-top-section elementor-element elementor-element-64b7c38 elementor-section-boxed elementor-section-height-default elementor-section-height-default\" data-id=\"64b7c38\" data-element_type=\"section\" data-e-type=\"section\">\n\t\t\t\t\t\t<div class=\"elementor-container elementor-column-gap-default\">\n\t\t\t\t\t<div class=\"elementor-column elementor-col-100 elementor-top-column elementor-element elementor-element-4851ecf\" data-id=\"4851ecf\" data-element_type=\"column\" data-e-type=\"column\">\n\t\t\t<div class=\"elementor-widget-wrap elementor-element-populated\">\n\t\t\t\t\t\t<div class=\"elementor-element elementor-element-add7b15 elementor-widget elementor-widget-spacer\" data-id=\"add7b15\" data-element_type=\"widget\" data-e-type=\"widget\" data-widget_type=\"spacer.default\">\n\t\t\t\t<div class=\"elementor-widget-container\">\n\t\t\t\t\t\t\t<div class=\"elementor-spacer\">\n\t\t\t<div class=\"elementor-spacer-inner\"><\/div>\n\t\t<\/div>\n\t\t\t\t\t\t<\/div>\n\t\t\t\t<\/div>\n\t\t\t\t\t<\/div>\n\t\t<\/div>\n\t\t\t\t\t<\/div>\n\t\t<\/section>\n\t\t\t\t<section class=\"elementor-section elementor-top-section elementor-element elementor-element-b73714a elementor-section-boxed elementor-section-height-default elementor-section-height-default\" data-id=\"b73714a\" data-element_type=\"section\" data-e-type=\"section\">\n\t\t\t\t\t\t<div class=\"elementor-container elementor-column-gap-default\">\n\t\t\t\t\t<div class=\"elementor-column elementor-col-100 elementor-top-column elementor-element elementor-element-3cc0684\" data-id=\"3cc0684\" data-element_type=\"column\" data-e-type=\"column\">\n\t\t\t<div class=\"elementor-widget-wrap elementor-element-populated\">\n\t\t\t\t\t\t<div class=\"elementor-element elementor-element-1bcc4b1 elementor-widget elementor-widget-heading\" data-id=\"1bcc4b1\" data-element_type=\"widget\" data-e-type=\"widget\" data-widget_type=\"heading.default\">\n\t\t\t\t<div class=\"elementor-widget-container\">\n\t\t\t\t\t<h2 class=\"elementor-heading-title elementor-size-default\">Detaljnije informacije<\/h2>\t\t\t\t<\/div>\n\t\t\t\t<\/div>\n\t\t\t\t<div class=\"elementor-element elementor-element-e6d516c elementor-widget elementor-widget-text-editor\" data-id=\"e6d516c\" data-element_type=\"widget\" data-e-type=\"widget\" data-widget_type=\"text-editor.default\">\n\t\t\t\t<div class=\"elementor-widget-container\">\n\t\t\t\t\t\t\t\t\t<p>Detaljniji pregled smo napisali na na\u0161oj po\u010detnoj stranici &#8220;Emigracija u Crnu Goru&#8221; gdje mo\u017eete prona\u0107i sve informacije o osnivanju kompanije u Crnoj Gori. Slobodno pro\u010ditajte vi\u0161e o tome tamo.   <\/p>\n\t\t\t\t\t\t\t\t<\/div>\n\t\t\t\t<\/div>\n\t\t\t\t<div class=\"elementor-element elementor-element-c3440fc elementor-widget elementor-widget-button\" data-id=\"c3440fc\" data-element_type=\"widget\" data-e-type=\"widget\" data-widget_type=\"button.default\">\n\t\t\t\t<div class=\"elementor-widget-container\">\n\t\t\t\t\t\t\t\t\t<div class=\"elementor-button-wrapper\">\n\t\t\t\t\t<a class=\"elementor-button elementor-button-link elementor-size-sm\" href=\"https:\/\/auswandernnachmontenegro.de\/unsere-leistungen-portfolio\/firmengruendung-in-montenegro\/\">\n\t\t\t\t\t\t<span class=\"elementor-button-content-wrapper\">\n\t\t\t\t\t\t\t\t\t<span class=\"elementor-button-text\">Nau\u010di vi\u0161e<\/span>\n\t\t\t\t\t<\/span>\n\t\t\t\t\t<\/a>\n\t\t\t\t<\/div>\n\t\t\t\t\t\t\t\t<\/div>\n\t\t\t\t<\/div>\n\t\t\t\t\t<\/div>\n\t\t<\/div>\n\t\t\t\t\t<\/div>\n\t\t<\/section>\n\t\t\t\t<section class=\"elementor-section elementor-top-section elementor-element elementor-element-deef613 elementor-section-boxed elementor-section-height-default elementor-section-height-default\" data-id=\"deef613\" data-element_type=\"section\" data-e-type=\"section\">\n\t\t\t\t\t\t<div class=\"elementor-container elementor-column-gap-default\">\n\t\t\t\t\t<div class=\"elementor-column elementor-col-100 elementor-top-column elementor-element elementor-element-c85ebe8\" data-id=\"c85ebe8\" data-element_type=\"column\" data-e-type=\"column\">\n\t\t\t<div class=\"elementor-widget-wrap elementor-element-populated\">\n\t\t\t\t\t\t<div class=\"elementor-element elementor-element-5c7cce1 elementor-widget elementor-widget-spacer\" data-id=\"5c7cce1\" data-element_type=\"widget\" data-e-type=\"widget\" data-widget_type=\"spacer.default\">\n\t\t\t\t<div class=\"elementor-widget-container\">\n\t\t\t\t\t\t\t<div class=\"elementor-spacer\">\n\t\t\t<div class=\"elementor-spacer-inner\"><\/div>\n\t\t<\/div>\n\t\t\t\t\t\t<\/div>\n\t\t\t\t<\/div>\n\t\t\t\t\t<\/div>\n\t\t<\/div>\n\t\t\t\t\t<\/div>\n\t\t<\/section>\n\t\t\t\t<section class=\"elementor-section elementor-top-section elementor-element elementor-element-5107232 elementor-section-boxed elementor-section-height-default elementor-section-height-default\" data-id=\"5107232\" data-element_type=\"section\" data-e-type=\"section\">\n\t\t\t\t\t\t<div class=\"elementor-container elementor-column-gap-default\">\n\t\t\t\t\t<div class=\"elementor-column elementor-col-100 elementor-top-column elementor-element elementor-element-55903eb\" data-id=\"55903eb\" data-element_type=\"column\" data-e-type=\"column\">\n\t\t\t<div class=\"elementor-widget-wrap elementor-element-populated\">\n\t\t\t\t\t\t<div class=\"elementor-element elementor-element-70d1860 elementor-widget elementor-widget-heading\" data-id=\"70d1860\" data-element_type=\"widget\" data-e-type=\"widget\" data-widget_type=\"heading.default\">\n\t\t\t\t<div class=\"elementor-widget-container\">\n\t\t\t\t\t<h2 class=\"elementor-heading-title elementor-size-default\">Na\u0161 video na ovu temu<\/h2>\t\t\t\t<\/div>\n\t\t\t\t<\/div>\n\t\t\t\t\t<\/div>\n\t\t<\/div>\n\t\t\t\t\t<\/div>\n\t\t<\/section>\n\t\t\t\t<section class=\"elementor-section elementor-top-section elementor-element elementor-element-1fbd9e9 elementor-section-boxed elementor-section-height-default elementor-section-height-default\" data-id=\"1fbd9e9\" data-element_type=\"section\" data-e-type=\"section\">\n\t\t\t\t\t\t<div class=\"elementor-container elementor-column-gap-default\">\n\t\t\t\t\t<div class=\"elementor-column elementor-col-100 elementor-top-column elementor-element elementor-element-eff5270\" data-id=\"eff5270\" data-element_type=\"column\" data-e-type=\"column\">\n\t\t\t<div class=\"elementor-widget-wrap elementor-element-populated\">\n\t\t\t\t\t\t<div class=\"elementor-element elementor-element-3f3889b elementor-widget elementor-widget-text-editor\" data-id=\"3f3889b\" data-element_type=\"widget\" data-e-type=\"widget\" data-widget_type=\"text-editor.default\">\n\t\t\t\t<div class=\"elementor-widget-container\">\n\t\t\t\t\t\t\t\t\t<p><iframe title=\"Immo Monte - Vorteile der Firmengru\u0308ndung in Montenegro\" width=\"1170\" height=\"658\" src=\"https:\/\/www.youtube.com\/embed\/A8GSHGDgsT0?feature=oembed\" frameborder=\"0\" allow=\"accelerometer; autoplay; clipboard-write; encrypted-media; gyroscope; picture-in-picture; web-share\" referrerpolicy=\"strict-origin-when-cross-origin\" allowfullscreen><\/iframe><\/p>\n\t\t\t\t\t\t\t\t<\/div>\n\t\t\t\t<\/div>\n\t\t\t\t\t<\/div>\n\t\t<\/div>\n\t\t\t\t\t<\/div>\n\t\t<\/section>\n\t\t\t\t<\/div>\n\t\t","protected":false},"excerpt":{"rendered":"<p>Crna Gora postaje sve atraktivnija lokacija za preduzetnike koji tra\u017ee fleksibilnu, isplativu i strate\u0161ki lociranu lokaciju. Ovaj \u010dlanak navodi najva\u017enije prednosti osnivanja preduze\u0107a u Crnoj Gori i detaljno obja\u0161njava za\u0161to ova zemlja postaje sve interesantnija za strane preduzetnike. <\/p>\n","protected":false},"author":2,"featured_media":88504,"comment_status":"open","ping_status":"open","sticky":false,"template":"","format":"standard","meta":{"_jetpack_memberships_contains_paid_content":false,"footnotes":""},"categories":[476,955,960,493,477],"tags":[480,559,961,498,481],"class_list":["post-89012","post","type-post","status-publish","format-standard","has-post-thumbnail","hentry","category-cinjenice-i-savjeti","category-finansije","category-osnivanje-kompanije","category-upravljaj","category-vijesti","tag-cinjenice-i-savjeti","tag-osnivanje-kompanije","tag-posao","tag-upravljaj","tag-vijesti"],"aioseo_notices":[],"jetpack_featured_media_url":"https:\/\/immo-monte.me\/wp-content\/uploads\/2024\/10\/AdobeStock_522374363-scaled.jpeg","jetpack_sharing_enabled":true,"_links":{"self":[{"href":"https:\/\/immo-monte.me\/bs\/wp-json\/wp\/v2\/posts\/89012","targetHints":{"allow":["GET"]}}],"collection":[{"href":"https:\/\/immo-monte.me\/bs\/wp-json\/wp\/v2\/posts"}],"about":[{"href":"https:\/\/immo-monte.me\/bs\/wp-json\/wp\/v2\/types\/post"}],"author":[{"embeddable":true,"href":"https:\/\/immo-monte.me\/bs\/wp-json\/wp\/v2\/users\/2"}],"replies":[{"embeddable":true,"href":"https:\/\/immo-monte.me\/bs\/wp-json\/wp\/v2\/comments?post=89012"}],"version-history":[{"count":2,"href":"https:\/\/immo-monte.me\/bs\/wp-json\/wp\/v2\/posts\/89012\/revisions"}],"predecessor-version":[{"id":89014,"href":"https:\/\/immo-monte.me\/bs\/wp-json\/wp\/v2\/posts\/89012\/revisions\/89014"}],"wp:featuredmedia":[{"embeddable":true,"href":"https:\/\/immo-monte.me\/bs\/wp-json\/wp\/v2\/media\/88504"}],"wp:attachment":[{"href":"https:\/\/immo-monte.me\/bs\/wp-json\/wp\/v2\/media?parent=89012"}],"wp:term":[{"taxonomy":"category","embeddable":true,"href":"https:\/\/immo-monte.me\/bs\/wp-json\/wp\/v2\/categories?post=89012"},{"taxonomy":"post_tag","embeddable":true,"href":"https:\/\/immo-monte.me\/bs\/wp-json\/wp\/v2\/tags?post=89012"}],"curies":[{"name":"wp","href":"https:\/\/api.w.org\/{rel}","templated":true}]}}