{"id":81692,"date":"2023-01-02T08:28:38","date_gmt":"2023-01-02T07:28:38","guid":{"rendered":"https:\/\/immo-monte.me\/2023\/01\/02\/novogodisnja-cestitka\/"},"modified":"2024-07-08T16:09:03","modified_gmt":"2024-07-08T14:09:03","slug":"novogodisnja-cestitka","status":"publish","type":"post","link":"https:\/\/immo-monte.me\/bs\/2023\/01\/02\/novogodisnja-cestitka\/","title":{"rendered":"Novogodi\u0161nja \u010destitka"},"content":{"rendered":"\t\t<div data-elementor-type=\"wp-post\" data-elementor-id=\"81692\" class=\"elementor elementor-81692 elementor-50822\" data-elementor-post-type=\"post\">\n\t\t\t\t\t\t<section class=\"elementor-section elementor-top-section elementor-element elementor-element-333aa56 elementor-section-boxed elementor-section-height-default elementor-section-height-default\" data-id=\"333aa56\" data-element_type=\"section\" data-e-type=\"section\">\n\t\t\t\t\t\t<div class=\"elementor-container elementor-column-gap-default\">\n\t\t\t\t\t<div class=\"elementor-column elementor-col-100 elementor-top-column elementor-element elementor-element-b439c4a\" data-id=\"b439c4a\" data-element_type=\"column\" data-e-type=\"column\">\n\t\t\t<div class=\"elementor-widget-wrap elementor-element-populated\">\n\t\t\t\t\t\t<div class=\"elementor-element elementor-element-4940d35 elementor-widget elementor-widget-text-editor\" data-id=\"4940d35\" data-element_type=\"widget\" data-e-type=\"widget\" data-widget_type=\"text-editor.default\">\n\t\t\t\t<div class=\"elementor-widget-container\">\n\t\t\t\t\t\t\t\t\t<h1>Novogodi\u0161nja \u010destitka<\/h1>\n\t\t\t\t\t\t\t\t<\/div>\n\t\t\t\t<\/div>\n\t\t\t\t\t<\/div>\n\t\t<\/div>\n\t\t\t\t\t<\/div>\n\t\t<\/section>\n\t\t\t\t<section class=\"elementor-section elementor-top-section elementor-element elementor-element-cc91d1c elementor-section-boxed elementor-section-height-default elementor-section-height-default\" data-id=\"cc91d1c\" data-element_type=\"section\" data-e-type=\"section\">\n\t\t\t\t\t\t<div class=\"elementor-container elementor-column-gap-default\">\n\t\t\t\t\t<div class=\"elementor-column elementor-col-100 elementor-top-column elementor-element elementor-element-7474757\" data-id=\"7474757\" data-element_type=\"column\" data-e-type=\"column\">\n\t\t\t<div class=\"elementor-widget-wrap elementor-element-populated\">\n\t\t\t\t\t\t<div class=\"elementor-element elementor-element-a1ae6aa elementor-widget elementor-widget-text-editor\" data-id=\"a1ae6aa\" data-element_type=\"widget\" data-e-type=\"widget\" data-widget_type=\"text-editor.default\">\n\t\t\t\t<div class=\"elementor-widget-container\">\n\t\t\t\t\t\t\t\t\t<div>zdravo dragi ljudi,<\/div>\n<div>Dakle, sada smo svi to uradili, 2022. je gotova i 2023. je tu.<\/div>\n<div>\n<p>Mali osvrt &#8211; 2022. godina &#8211;<\/p>\n<p>Imamo sa i za vas\u2026<\/p>\n<\/div>\n<ul>\n<li>\n<div>osnovano oko 250 kompanija<\/div>\n<\/li>\n<li>\n<div>Zatra\u017eeno je oko 800 boravi\u0161nih dozvola<\/div>\n<\/li>\n<li>\n<div>Podr\u017eano pribli\u017eno 35 poteza (a sli\u010dan broj se ve\u0107 planira za sljede\u0107i kvartal&#8230;)<\/div>\n<\/li>\n<li>\n<div>neki od va\u0161ih automobila uvezeni i registrovani<br \/>doveo puno va\u0161ih ma\u010daka, pasa i prvog konja u zemlju uz podr\u0161ku<\/div>\n<\/li>\n<li>\n<div>izbu\u0161eno cca 18 bu\u0161otina<\/div>\n<\/li>\n<li>\n<div>Postavljeno je preko 50 stubova za struju i polo\u017eeno mnogo kilometara struje<\/div>\n<\/li>\n<li>\n<div>Izgra\u0111eno je nekoliko stotina metara puteva<\/div>\n<\/li>\n<li>\n<div>stvorio mnogo prilaza<\/div>\n<\/li>\n<li>\n<div>Postavljena su neka mini postrojenja za pre\u010di\u0161\u0107avanje otpadnih voda<\/div>\n<\/li>\n<li>\n<div>Na ovda\u0161nje primorje dovezeno je oko 500 m3 drveta sa sjevera Crne Gore<\/div>\n<\/li>\n<li>\n<div>U \u0161kolu je upisano oko 40 djece koja govore njema\u010dki jezik iz Njema\u010dke, Austrije i \u0160vicarske<\/div>\n<\/li>\n<li>\n<div>i sa tvojom podr\u0161kom prikupio mnogo sme\u0107a na pla\u017ei.<\/div>\n<\/li>\n<\/ul>\n<div>Pa, i jo\u0161 mnogo toga se dogodilo 2022. Puno lijepih stvari i puno napretka i rasta na svim nivoima \u2013 mislim za sve nas.<\/div>\n<div>Malo po malo svi dolazite ovamo i kre\u0107ete se svojim tempom.<\/div>\n<div>Zaista smo sretni \u0161to se sve vi\u0161e ljudi okuplja i postepeno se naseljava u svoje nove \u017eivote ovdje uz me\u0111usobnu podr\u0161ku.<\/div>\n<div>Zaista bismo vam se puno zahvalili na ukazanom povjerenju i sretni smo \u0161to vas mo\u017eemo podr\u017eati.<\/div>\n<div>Kao i svi, s velikim uzbu\u0111enjem do\u010dekujemo novu 2023. godinu.<\/div>\n<div>Naravno, ve\u0107 smo isplanirali nekoliko projekata sa na\u0161e strane za koje se nadamo da \u0107e vam pru\u017eiti puno zabave. Do sada nas donekle poznajete i znate da se kod nas sve stalno mijenja i raste i jako volimo da se bavimo i gradimo nove stvari paralelno.<\/div>\n<div>Ove 2023. godine sve vi\u0161e \u0107emo se fokusirati na na\u0161e udru\u017eenje \u201eDomora NVO\u201c. Na\u0161e udru\u017eenje slu\u017ei crnogorsko-njema\u010dkom prijateljstvu i povezanosti. Uskoro \u0107emo objaviti neke vijesti da to planiramo ve\u0107 neko vrijeme i jednostavno nismo stigli da to sprovedemo u djelo 2022. godine.<\/div>\n<div>Stay tuned!  <img decoding=\"async\" src=\"https:\/\/static.xx.fbcdn.net\/images\/emoji.php\/v9\/tf6\/2\/16\/1f609.png\" alt=\"\ud83d\ude09\" width=\"16\" height=\"16\"><\/div>\n<div>Dakle, ne samo da vam \u017eelimo sre\u0107nu novu godinu, ve\u0107 i da imate \u017eelje koje se mogu pretvoriti u stvarnost, da vam \u017eivot pru\u017ei hrabrost, hrabrost, snagu i istrajnost za trenutke i trenutke kada vam zatreba \u0161to vam daje va\u0161 an\u0111eo imate samopouzdanje kad god ste u nedoumici i da ste nadareni i blagoslovljeni lako\u0107om i slobodom na svom putu.<\/div>\n<div>Radujemo se 2023. sa vama!<\/div>\n<div>\n<p>Srda\u010dan pozdrav<\/p><\/div>\n<div>Senad &amp; Julia &#8211; &amp; tim<\/div><\/p>\n\t\t\t\t\t\t\t\t<\/div>\n\t\t\t\t<\/div>\n\t\t\t\t\t<\/div>\n\t\t<\/div>\n\t\t\t\t\t<\/div>\n\t\t<\/section>\n\t\t\t\t<\/div>\n\t\t","protected":false},"excerpt":{"rendered":"<p>Novogodi\u0161nja \u010destitka zdravo dragi ljudi, Dakle, sada smo svi to uradili, 2022. je gotova i 2023. je tu. Mali osvrt &#8211; 2022. godina &#8211; Imamo sa i za vas\u2026 osnovano oko 250 kompanija Zatra\u017eeno je oko 800 boravi\u0161nih dozvola Podr\u017eano pribli\u017eno 35 poteza (a sli\u010dan broj se ve\u0107 planira za sljede\u0107i kvartal&#8230;) neki od va\u0161ih [&hellip;]<\/p>\n","protected":false},"author":2,"featured_media":50823,"comment_status":"open","ping_status":"open","sticky":false,"template":"","format":"standard","meta":{"_jetpack_memberships_contains_paid_content":false,"footnotes":""},"categories":[1,477],"tags":[],"class_list":["post-81692","post","type-post","status-publish","format-standard","has-post-thumbnail","hentry","category-unkategorisiert","category-vijesti"],"aioseo_notices":[],"jetpack_featured_media_url":"https:\/\/immo-monte.me\/wp-content\/uploads\/2023\/02\/2023-Frohes-Neues-01.png","jetpack_sharing_enabled":true,"_links":{"self":[{"href":"https:\/\/immo-monte.me\/bs\/wp-json\/wp\/v2\/posts\/81692","targetHints":{"allow":["GET"]}}],"collection":[{"href":"https:\/\/immo-monte.me\/bs\/wp-json\/wp\/v2\/posts"}],"about":[{"href":"https:\/\/immo-monte.me\/bs\/wp-json\/wp\/v2\/types\/post"}],"author":[{"embeddable":true,"href":"https:\/\/immo-monte.me\/bs\/wp-json\/wp\/v2\/users\/2"}],"replies":[{"embeddable":true,"href":"https:\/\/immo-monte.me\/bs\/wp-json\/wp\/v2\/comments?post=81692"}],"version-history":[{"count":2,"href":"https:\/\/immo-monte.me\/bs\/wp-json\/wp\/v2\/posts\/81692\/revisions"}],"predecessor-version":[{"id":81695,"href":"https:\/\/immo-monte.me\/bs\/wp-json\/wp\/v2\/posts\/81692\/revisions\/81695"}],"wp:featuredmedia":[{"embeddable":true,"href":"https:\/\/immo-monte.me\/bs\/wp-json\/wp\/v2\/media\/50823"}],"wp:attachment":[{"href":"https:\/\/immo-monte.me\/bs\/wp-json\/wp\/v2\/media?parent=81692"}],"wp:term":[{"taxonomy":"category","embeddable":true,"href":"https:\/\/immo-monte.me\/bs\/wp-json\/wp\/v2\/categories?post=81692"},{"taxonomy":"post_tag","embeddable":true,"href":"https:\/\/immo-monte.me\/bs\/wp-json\/wp\/v2\/tags?post=81692"}],"curies":[{"name":"wp","href":"https:\/\/api.w.org\/{rel}","templated":true}]}}