{"id":81577,"date":"2023-06-02T17:56:03","date_gmt":"2023-06-02T15:56:03","guid":{"rendered":"https:\/\/immo-monte.me\/2023\/06\/02\/poslovno-vece-popodne-sa-strucnjakom-za-osiguranje-i-ukusnom-hranom\/"},"modified":"2024-07-08T16:08:20","modified_gmt":"2024-07-08T14:08:20","slug":"poslovno-vece-popodne-sa-strucnjakom-za-osiguranje-i-ukusnom-hranom","status":"publish","type":"post","link":"https:\/\/immo-monte.me\/bs\/2023\/06\/02\/poslovno-vece-popodne-sa-strucnjakom-za-osiguranje-i-ukusnom-hranom\/","title":{"rendered":"Poslovno ve\u010de\/popodne sa stru\u010dnjakom za osiguranje i ukusnom hranom"},"content":{"rendered":"\t\t<div data-elementor-type=\"wp-post\" data-elementor-id=\"81577\" class=\"elementor elementor-81577 elementor-69437\" data-elementor-post-type=\"post\">\n\t\t\t\t\t\t<section class=\"elementor-section elementor-top-section elementor-element elementor-element-e658bdd elementor-section-boxed elementor-section-height-default elementor-section-height-default\" data-id=\"e658bdd\" data-element_type=\"section\" data-e-type=\"section\">\n\t\t\t\t\t\t<div class=\"elementor-container elementor-column-gap-default\">\n\t\t\t\t\t<div class=\"elementor-column elementor-col-100 elementor-top-column elementor-element elementor-element-6c9f778\" data-id=\"6c9f778\" data-element_type=\"column\" data-e-type=\"column\">\n\t\t\t<div class=\"elementor-widget-wrap elementor-element-populated\">\n\t\t\t\t\t\t<div class=\"elementor-element elementor-element-09a492f elementor-widget elementor-widget-heading\" data-id=\"09a492f\" data-element_type=\"widget\" data-e-type=\"widget\" data-widget_type=\"heading.default\">\n\t\t\t\t<div class=\"elementor-widget-container\">\n\t\t\t\t\t<h2 class=\"elementor-heading-title elementor-size-default\">Poslovno ve\u010de\/popodne sa stru\u010dnjakom za osiguranje i ukusnom hranom<\/h2>\t\t\t\t<\/div>\n\t\t\t\t<\/div>\n\t\t\t\t\t<\/div>\n\t\t<\/div>\n\t\t\t\t\t<\/div>\n\t\t<\/section>\n\t\t\t\t<section class=\"elementor-section elementor-top-section elementor-element elementor-element-00e04cf elementor-section-boxed elementor-section-height-default elementor-section-height-default\" data-id=\"00e04cf\" data-element_type=\"section\" data-e-type=\"section\">\n\t\t\t\t\t\t<div class=\"elementor-container elementor-column-gap-default\">\n\t\t\t\t\t<div class=\"elementor-column elementor-col-100 elementor-top-column elementor-element elementor-element-72a612f\" data-id=\"72a612f\" data-element_type=\"column\" data-e-type=\"column\">\n\t\t\t<div class=\"elementor-widget-wrap elementor-element-populated\">\n\t\t\t\t\t\t<div class=\"elementor-element elementor-element-14fdc61 elementor-widget elementor-widget-text-editor\" data-id=\"14fdc61\" data-element_type=\"widget\" data-e-type=\"widget\" data-widget_type=\"text-editor.default\">\n\t\t\t\t<div class=\"elementor-widget-container\">\n\t\t\t\t\t\t\t\t\t<p class=\"p1\">zdravo dragi ljudi,<\/p>\n<p class=\"p1\">Pa, svoje ve\u010deri poslovnog umre\u017eavanja redovno smo organizirali. Sada bismo ovo malo o\u017eivjeli. Tako da \u0107emo sada vi\u0161e-manje redovno ponovo organizirati ove ve\u010deri.<\/p>\n<p class=\"p1\">Prvi ili sljede\u0107i termin bi bio srijeda, 7. juna 2023. od 16 sati. I kao i uvijek do nedavno, doga\u0111aj \u0107e se ponovo odr\u017eati u na\u0161em kampu u Dap\u010devi\u0107ima.<\/p>\n<p class=\"p1\">Po\u0161to neki ljudi mo\u017eda jo\u0161 ne znaju ove ve\u010deri:  <br>Ideja koja stoji iza toga je, s jedne strane, da jedni drugima mo\u017eete predstaviti svoje poslovanje i tako se reklamirati. Mo\u017eda \u0107ete usput mo\u0107i prona\u0107i i poslovne partnere &#8211; ako ih tra\u017eite.<\/p>\n<p class=\"p1\">S druge strane, uvijek se trudimo da prona\u0111emo neku vrstu \u201eteme\u201c za takvu ve\u010der i pozovemo gosta, kao \u0161to je na\u0161 poslovni pravnik ili poreski savjetnik ili ili ili, koji \u0107e tada biti na raspolaganju da odgovori na va\u0161a pitanja doti\u010dne ve\u010deri .<\/p>\n<p class=\"p1\">Osim toga, mo\u017eemo vam tako\u0111er pru\u017eiti pomo\u0107\/ideje\/kontakte koji vam mogu pomo\u0107i u va\u0161em poslovanju &#8211; ako \u017eelite.<\/p>\n<p class=\"p1\">Pa, ve\u010deras sljede\u0107e sedmice, imat \u0107emo stru\u010dnjaka za osiguranje na licu mjesta, tako da mu mo\u017eete postaviti sva pitanja o osiguranju. Bez obzira na vrstu osiguranja.<\/p>\n<p class=\"p1\">Nudimo hranu i pi\u0107e. Bi\u0107e kumpir (pe\u010deni krompir) sa raznim prelivima od povr\u0107a, ukusna pavlaka (proizvodi Julija) i pile\u0107i ra\u017enji\u0107i.<\/p>\n<p class=\"p1\">Za hranu i pi\u0107e napla\u0107ivali bismo 10 eura po osobi. Ako sa sobom povedete djecu, kod nas mogu besplatno jesti i piti.<\/p>\n<p class=\"p1\">Lokacija: Camp Monte Circle  <br><a href=\"https:\/\/goo.gl\/maps\/Gmpd9PHchQ2giLAN8\" target=\"_blank\">https:\/\/goo.gl\/maps\/Gmpd9PHchQ2giLAN8<\/a><br><\/p>\n<p class=\"p1\">Datum: srijeda, 7. jun 2023. od 16 sati<\/p>\n<p class=\"p1\">Tro\u0161ak: Napla\u0107ivali bismo 10 eura po osobi za hranu i pi\u0107e. Ako sa sobom povedete djecu, kod nas mogu besplatno jesti i piti.<\/p>\n<p class=\"p1\">Molimo vas da se prijavite radi boljeg planiranja i organizacije.<\/p>\t\t\t\t\t\t\t\t<\/div>\n\t\t\t\t<\/div>\n\t\t\t\t\t<\/div>\n\t\t<\/div>\n\t\t\t\t\t<\/div>\n\t\t<\/section>\n\t\t\t\t<\/div>\n\t\t","protected":false},"excerpt":{"rendered":"<p>Zdravo dragi ljudi, mi smo svoje ve\u010deri poslovnog umre\u017eavanja redovno organizovali. Sada bismo ovo malo o\u017eivjeli. Sada \u0107emo ove ve\u010deri ponovo odr\u017eavati manje-vi\u0161e redovno.<\/p>\n","protected":false},"author":2,"featured_media":69438,"comment_status":"open","ping_status":"open","sticky":false,"template":"","format":"standard","meta":{"_jetpack_memberships_contains_paid_content":false,"footnotes":""},"categories":[476,585,477],"tags":[480,587,589,481],"class_list":["post-81577","post","type-post","status-publish","format-standard","has-post-thumbnail","hentry","category-cinjenice-i-savjeti","category-dogadaji","category-vijesti","tag-cinjenice-i-savjeti","tag-dogadaji","tag-informativni-dogadaj","tag-vijesti"],"aioseo_notices":[],"jetpack_featured_media_url":"https:\/\/immo-monte.me\/wp-content\/uploads\/2023\/06\/Facebook-Anzeige-Business-Network-Meeting_Zeichenflaeche-1.jpg","jetpack_sharing_enabled":true,"_links":{"self":[{"href":"https:\/\/immo-monte.me\/bs\/wp-json\/wp\/v2\/posts\/81577","targetHints":{"allow":["GET"]}}],"collection":[{"href":"https:\/\/immo-monte.me\/bs\/wp-json\/wp\/v2\/posts"}],"about":[{"href":"https:\/\/immo-monte.me\/bs\/wp-json\/wp\/v2\/types\/post"}],"author":[{"embeddable":true,"href":"https:\/\/immo-monte.me\/bs\/wp-json\/wp\/v2\/users\/2"}],"replies":[{"embeddable":true,"href":"https:\/\/immo-monte.me\/bs\/wp-json\/wp\/v2\/comments?post=81577"}],"version-history":[{"count":2,"href":"https:\/\/immo-monte.me\/bs\/wp-json\/wp\/v2\/posts\/81577\/revisions"}],"predecessor-version":[{"id":81581,"href":"https:\/\/immo-monte.me\/bs\/wp-json\/wp\/v2\/posts\/81577\/revisions\/81581"}],"wp:featuredmedia":[{"embeddable":true,"href":"https:\/\/immo-monte.me\/bs\/wp-json\/wp\/v2\/media\/69438"}],"wp:attachment":[{"href":"https:\/\/immo-monte.me\/bs\/wp-json\/wp\/v2\/media?parent=81577"}],"wp:term":[{"taxonomy":"category","embeddable":true,"href":"https:\/\/immo-monte.me\/bs\/wp-json\/wp\/v2\/categories?post=81577"},{"taxonomy":"post_tag","embeddable":true,"href":"https:\/\/immo-monte.me\/bs\/wp-json\/wp\/v2\/tags?post=81577"}],"curies":[{"name":"wp","href":"https:\/\/api.w.org\/{rel}","templated":true}]}}