{"id":81552,"date":"2023-07-20T12:19:44","date_gmt":"2023-07-20T10:19:44","guid":{"rendered":"https:\/\/immo-monte.me\/2023\/07\/20\/carobno-vece-sa-valom-i-njegovom-rukom\/"},"modified":"2024-07-08T16:08:19","modified_gmt":"2024-07-08T14:08:19","slug":"carobno-vece-sa-valom-i-njegovom-rukom","status":"publish","type":"post","link":"https:\/\/immo-monte.me\/bs\/2023\/07\/20\/carobno-vece-sa-valom-i-njegovom-rukom\/","title":{"rendered":"\u010carobno ve\u010de sa Valom i njegovom rukom"},"content":{"rendered":"\t\t<div data-elementor-type=\"wp-post\" data-elementor-id=\"81552\" class=\"elementor elementor-81552 elementor-72379\" data-elementor-post-type=\"post\">\n\t\t\t\t\t\t<section class=\"elementor-section elementor-top-section elementor-element elementor-element-3fe304e elementor-section-boxed elementor-section-height-default elementor-section-height-default\" data-id=\"3fe304e\" data-element_type=\"section\" data-e-type=\"section\">\n\t\t\t\t\t\t<div class=\"elementor-container elementor-column-gap-default\">\n\t\t\t\t\t<div class=\"elementor-column elementor-col-100 elementor-top-column elementor-element elementor-element-ceb7e41\" data-id=\"ceb7e41\" data-element_type=\"column\" data-e-type=\"column\">\n\t\t\t<div class=\"elementor-widget-wrap elementor-element-populated\">\n\t\t\t\t\t\t<div class=\"elementor-element elementor-element-db27db8 elementor-widget elementor-widget-heading\" data-id=\"db27db8\" data-element_type=\"widget\" data-e-type=\"widget\" data-widget_type=\"heading.default\">\n\t\t\t\t<div class=\"elementor-widget-container\">\n\t\t\t\t\t<h2 class=\"elementor-heading-title elementor-size-default\">\u010carobno ve\u010de sa Valom i njegovom rukom<\/h2>\t\t\t\t<\/div>\n\t\t\t\t<\/div>\n\t\t\t\t\t<\/div>\n\t\t<\/div>\n\t\t\t\t\t<\/div>\n\t\t<\/section>\n\t\t\t\t<section class=\"elementor-section elementor-top-section elementor-element elementor-element-666a902 elementor-section-boxed elementor-section-height-default elementor-section-height-default\" data-id=\"666a902\" data-element_type=\"section\" data-e-type=\"section\">\n\t\t\t\t\t\t<div class=\"elementor-container elementor-column-gap-default\">\n\t\t\t\t\t<div class=\"elementor-column elementor-col-100 elementor-top-column elementor-element elementor-element-daf09cc\" data-id=\"daf09cc\" data-element_type=\"column\" data-e-type=\"column\">\n\t\t\t<div class=\"elementor-widget-wrap elementor-element-populated\">\n\t\t\t\t\t\t<div class=\"elementor-element elementor-element-2c0a8c3 elementor-widget elementor-widget-text-editor\" data-id=\"2c0a8c3\" data-element_type=\"widget\" data-e-type=\"widget\" data-widget_type=\"text-editor.default\">\n\t\t\t\t<div class=\"elementor-widget-container\">\n\t\t\t\t\t\t\t\t\t<p style=\"margin-right: 0px; margin-bottom: 0px; margin-left: 0px; font-variant-numeric: normal; font-variant-east-asian: normal; font-variant-alternates: normal; font-kerning: auto; font-optical-sizing: auto; font-feature-settings: normal; font-variation-settings: normal; font-stretch: normal; font-size: 20px; line-height: normal; font-family: \"Helvetica Neue\"; color: rgb(0, 0, 0);\"><span style=\"font-size: 13px;\">dragi ljudi,<\/span><span style=\"font-size: 13px;\">&nbsp;<\/span><\/p>\n<p style=\"margin-right: 0px; margin-bottom: 0px; margin-left: 0px; font-variant-numeric: normal; font-variant-east-asian: normal; font-variant-alternates: normal; font-kerning: auto; font-optical-sizing: auto; font-feature-settings: normal; font-variation-settings: normal; font-stretch: normal; font-size: 13px; line-height: normal; font-family: \"Helvetica Neue\"; min-height: 15px; color: rgb(0, 0, 0);\"><\/p>\n<p style=\"margin-right: 0px; margin-bottom: 0px; margin-left: 0px; font-variant-numeric: normal; font-variant-east-asian: normal; font-variant-alternates: normal; font-kerning: auto; font-optical-sizing: auto; font-feature-settings: normal; font-variation-settings: normal; font-stretch: normal; font-size: 13px; line-height: normal; font-family: \"Helvetica Neue\"; color: rgb(0, 0, 0);\">Pa, voljeli bismo da ubudu\u0107e organizujemo muzi\u010dke ve\u010deri petkom u na\u0161em kampu u Dap\u010devi\u0107ima preko na\u0161eg udru\u017eenja \u201eDomora NVO\u201c. A sada \u0107emo po\u010deti s ne\u010dim zaista lijepim &#8211; pantom.<span>&nbsp;<\/span><\/p>\n<p style=\"margin-right: 0px; margin-bottom: 0px; margin-left: 0px; font-variant-numeric: normal; font-variant-east-asian: normal; font-variant-alternates: normal; font-kerning: auto; font-optical-sizing: auto; font-feature-settings: normal; font-variation-settings: normal; font-stretch: normal; font-size: 13px; line-height: normal; font-family: \"Helvetica Neue\"; min-height: 15px; color: rgb(0, 0, 0);\"><\/p>\n<p style=\"margin-right: 0px; margin-bottom: 0px; margin-left: 0px; font-variant-numeric: normal; font-variant-east-asian: normal; font-variant-alternates: normal; font-kerning: auto; font-optical-sizing: auto; font-feature-settings: normal; font-variation-settings: normal; font-stretch: normal; font-size: 13px; line-height: normal; font-family: \"Helvetica Neue\"; color: rgb(0, 0, 0);\">Dragi Val \u0107e nas cijelu ve\u010der o\u010darati svojom handpan muzikom. Za one koji ne znaju, ovdje je Valin Instagram profil, gdje mo\u017eete pregledavati i slu\u0161ati.<span>&nbsp;<\/span><\/p>\n<p style=\"margin-right: 0px; margin-bottom: 0px; margin-left: 0px; font-variant-numeric: normal; font-variant-east-asian: normal; font-variant-alternates: normal; font-kerning: auto; font-optical-sizing: auto; font-feature-settings: normal; font-variation-settings: normal; font-stretch: normal; font-size: 13px; line-height: normal; font-family: \"Helvetica Neue\"; color: rgb(220, 161, 13);\"><a href=\"https:\/\/www.instagram.com\/valhandpan\">https:\/\/www.instagram.com\/valhandpan<\/a><\/p>\n<p style=\"margin-right: 0px; margin-bottom: 0px; margin-left: 0px; font-variant-numeric: normal; font-variant-east-asian: normal; font-variant-alternates: normal; font-kerning: auto; font-optical-sizing: auto; font-feature-settings: normal; font-variation-settings: normal; font-stretch: normal; font-size: 13px; line-height: normal; font-family: \"Helvetica Neue\"; min-height: 15px; color: rgb(0, 0, 0);\"><\/p>\n<p style=\"margin-right: 0px; margin-bottom: 0px; margin-left: 0px; font-variant-numeric: normal; font-variant-east-asian: normal; font-variant-alternates: normal; font-kerning: auto; font-optical-sizing: auto; font-feature-settings: normal; font-variation-settings: normal; font-stretch: normal; font-size: 13px; line-height: normal; font-family: \"Helvetica Neue\"; color: rgb(0, 0, 0);\">I ja volim handpan muziku. Pa sam potra\u017eio umjetnika i na\u0161ao ga.<span>&nbsp;<\/span><\/p>\n<p style=\"margin-right: 0px; margin-bottom: 0px; margin-left: 0px; font-variant-numeric: normal; font-variant-east-asian: normal; font-variant-alternates: normal; font-kerning: auto; font-optical-sizing: auto; font-feature-settings: normal; font-variation-settings: normal; font-stretch: normal; font-size: 13px; line-height: normal; font-family: \"Helvetica Neue\"; min-height: 15px; color: rgb(0, 0, 0);\"><\/p>\n<p style=\"margin-right: 0px; margin-bottom: 0px; margin-left: 0px; font-variant-numeric: normal; font-variant-east-asian: normal; font-variant-alternates: normal; font-kerning: auto; font-optical-sizing: auto; font-feature-settings: normal; font-variation-settings: normal; font-stretch: normal; font-size: 13px; line-height: normal; font-family: \"Helvetica Neue\"; color: rgb(0, 0, 0);\">Tako da \u0107e, naravno, biti ukusne hrane te ve\u010deri, kao i jednako ukusnih i osvje\u017eavaju\u0107ih pi\u0107a. A bi\u0107e i vegetarijanskih\/veganskih delicija &#8211; pored hrane za trudnice od mesa. Tako da ima pone\u0161to za svakoga &#8211; barem se nadam.<span>&nbsp;<\/span><\/p>\n<p style=\"margin-right: 0px; margin-bottom: 0px; margin-left: 0px; font-variant-numeric: normal; font-variant-east-asian: normal; font-variant-alternates: normal; font-kerning: auto; font-optical-sizing: auto; font-feature-settings: normal; font-variation-settings: normal; font-stretch: normal; font-size: 13px; line-height: normal; font-family: \"Helvetica Neue\"; min-height: 15px; color: rgb(0, 0, 0);\"><\/p>\n<p style=\"margin-right: 0px; margin-bottom: 0px; margin-left: 0px; font-variant-numeric: normal; font-variant-east-asian: normal; font-variant-alternates: normal; font-kerning: auto; font-optical-sizing: auto; font-feature-settings: normal; font-variation-settings: normal; font-stretch: normal; font-size: 13px; line-height: normal; font-family: \"Helvetica Neue\"; color: rgb(0, 0, 0);\">Pa onda dragi Val po\u010dinje sa svojom muzikom od 19h u na\u0161em kampu u petak 28.07.2023.<span>&nbsp;<\/span><\/p>\n<p style=\"margin-right: 0px; margin-bottom: 0px; margin-left: 0px; font-variant-numeric: normal; font-variant-east-asian: normal; font-variant-alternates: normal; font-kerning: auto; font-optical-sizing: auto; font-feature-settings: normal; font-variation-settings: normal; font-stretch: normal; font-size: 13px; line-height: normal; font-family: \"Helvetica Neue\"; color: rgb(0, 0, 0);\">Trenutno mo\u017eete u\u017eivati \u200b\u200bsamo u ne\u010dem opu\u0161tenijem uve\u010de &#8211; zbog ne\u0161to vi\u0161ih temperatura. \ud83d\ude09<span>&nbsp;<\/span><\/p>\n<p style=\"margin-right: 0px; margin-bottom: 0px; margin-left: 0px; font-variant-numeric: normal; font-variant-east-asian: normal; font-variant-alternates: normal; font-kerning: auto; font-optical-sizing: auto; font-feature-settings: normal; font-variation-settings: normal; font-stretch: normal; font-size: 13px; line-height: normal; font-family: \"Helvetica Neue\"; min-height: 15px; color: rgb(0, 0, 0);\"><\/p>\n<p style=\"margin-right: 0px; margin-bottom: 0px; margin-left: 0px; font-variant-numeric: normal; font-variant-east-asian: normal; font-variant-alternates: normal; font-kerning: auto; font-optical-sizing: auto; font-feature-settings: normal; font-variation-settings: normal; font-stretch: normal; font-size: 13px; line-height: normal; font-family: \"Helvetica Neue\"; color: rgb(0, 0, 0);\">Stoga, kao i uvijek, ka\u017eem: bilo bi lijepo da se mo\u017eete unaprijed prijaviti za na\u0161e planiranje pripreme obroka. Naravno, mo\u017eete i spontano navratiti.<span>&nbsp;<\/span><\/p>\n<p style=\"margin-right: 0px; margin-bottom: 0px; margin-left: 0px; font-variant-numeric: normal; font-variant-east-asian: normal; font-variant-alternates: normal; font-kerning: auto; font-optical-sizing: auto; font-feature-settings: normal; font-variation-settings: normal; font-stretch: normal; font-size: 13px; line-height: normal; font-family: \"Helvetica Neue\"; min-height: 15px; color: rgb(0, 0, 0);\"><\/p>\n<p style=\"margin-right: 0px; margin-bottom: 0px; margin-left: 0px; font-variant-numeric: normal; font-variant-east-asian: normal; font-variant-alternates: normal; font-kerning: auto; font-optical-sizing: auto; font-feature-settings: normal; font-variation-settings: normal; font-stretch: normal; font-size: 13px; line-height: normal; font-family: \"Helvetica Neue\"; color: rgb(0, 0, 0);\">Ina\u010de, radujemo se donacijama za na\u0161 klub te ve\u010deri &#8211; bilo za hranu ili za projekte koje podr\u017eavamo.<span>&nbsp;<\/span><\/p>\n<p style=\"margin-right: 0px; margin-bottom: 0px; margin-left: 0px; font-variant-numeric: normal; font-variant-east-asian: normal; font-variant-alternates: normal; font-kerning: auto; font-optical-sizing: auto; font-feature-settings: normal; font-variation-settings: normal; font-stretch: normal; font-size: 13px; line-height: normal; font-family: \"Helvetica Neue\"; min-height: 15px; color: rgb(0, 0, 0);\"><\/p>\n<p style=\"margin-right: 0px; margin-bottom: 0px; margin-left: 0px; font-variant-numeric: normal; font-variant-east-asian: normal; font-variant-alternates: normal; font-kerning: auto; font-optical-sizing: auto; font-feature-settings: normal; font-variation-settings: normal; font-stretch: normal; font-size: 13px; line-height: normal; font-family: \"Helvetica Neue\"; color: rgb(0, 0, 0);\">I naravno, zaista se radujemo opu\u0161taju\u0107oj i magi\u010dnoj ve\u010deri sa vama!<\/p>\n<p style=\"margin-right: 0px; margin-bottom: 0px; margin-left: 0px; font-variant-numeric: normal; font-variant-east-asian: normal; font-variant-alternates: normal; font-kerning: auto; font-optical-sizing: auto; font-feature-settings: normal; font-variation-settings: normal; font-stretch: normal; font-size: 13px; line-height: normal; font-family: \"Helvetica Neue\"; min-height: 15px; color: rgb(0, 0, 0);\"><\/p>\n<p style=\"margin-right: 0px; margin-bottom: 0px; margin-left: 0px; font-variant-numeric: normal; font-variant-east-asian: normal; font-variant-alternates: normal; font-kerning: auto; font-optical-sizing: auto; font-feature-settings: normal; font-variation-settings: normal; font-stretch: normal; font-size: 13px; line-height: normal; font-family: \"Helvetica Neue\"; color: rgb(0, 0, 0);\">najdrazi pozdravi<\/p>\n<p style=\"margin-right: 0px; margin-bottom: 0px; margin-left: 0px; font-variant-numeric: normal; font-variant-east-asian: normal; font-variant-alternates: normal; font-kerning: auto; font-optical-sizing: auto; font-feature-settings: normal; font-variation-settings: normal; font-stretch: normal; font-size: 13px; line-height: normal; font-family: \"Helvetica Neue\"; color: rgb(0, 0, 0);\">Julia &amp; Senad &amp; ekipa<span>&nbsp;<\/span><\/p>\n<p style=\"margin-right: 0px; margin-bottom: 0px; margin-left: 0px; font-variant-numeric: normal; font-variant-east-asian: normal; font-variant-alternates: normal; font-kerning: auto; font-optical-sizing: auto; font-feature-settings: normal; font-variation-settings: normal; font-stretch: normal; font-size: 13px; line-height: normal; font-family: \"Helvetica Neue\"; min-height: 15px; color: rgb(0, 0, 0);\"><\/p>\n<p style=\"margin-right: 0px; margin-bottom: 0px; margin-left: 0px; font-variant-numeric: normal; font-variant-east-asian: normal; font-variant-alternates: normal; font-kerning: auto; font-optical-sizing: auto; font-feature-settings: normal; font-variation-settings: normal; font-stretch: normal; font-size: 13px; line-height: normal; font-family: \"Helvetica Neue\"; color: rgb(0, 0, 0);\">Lokacija: Kamp Monte Circle u Dap\u010devi\u0107ima<\/p>\n<p style=\"margin-right: 0px; margin-bottom: 0px; margin-left: 0px; font-variant-numeric: normal; font-variant-east-asian: normal; font-variant-alternates: normal; font-kerning: auto; font-optical-sizing: auto; font-feature-settings: normal; font-variation-settings: normal; font-stretch: normal; font-size: 13px; line-height: normal; font-family: \"Helvetica Neue\"; color: rgb(220, 161, 13);\"><a href=\"https:\/\/goo.gl\/maps\/v78YVL7Fk5cWKJSz5\">https:\/\/goo.gl\/maps\/v78YVL7Fk5cWKJSz5<\/a><\/p>\n<p style=\"margin-right: 0px; margin-bottom: 0px; margin-left: 0px; font-variant-numeric: normal; font-variant-east-asian: normal; font-variant-alternates: normal; font-kerning: auto; font-optical-sizing: auto; font-feature-settings: normal; font-variation-settings: normal; font-stretch: normal; font-size: 13px; line-height: normal; font-family: \"Helvetica Neue\"; color: rgb(0, 0, 0);\">Datum: petak, 28. jul 2023. od 19 sati (ili ranije ako \u017eelite)<span>&nbsp;<\/span><\/p>\n<p style=\"margin-right: 0px; margin-bottom: 0px; margin-left: 0px; font-variant-numeric: normal; font-variant-east-asian: normal; font-variant-alternates: normal; font-kerning: auto; font-optical-sizing: auto; font-feature-settings: normal; font-variation-settings: normal; font-stretch: normal; font-size: 13px; line-height: normal; font-family: \"Helvetica Neue\"; min-height: 15px; color: rgb(0, 0, 0);\"><\/p>\n<p style=\"margin-right: 0px; margin-bottom: 0px; margin-left: 0px; font-variant-numeric: normal; font-variant-east-asian: normal; font-variant-alternates: normal; font-kerning: auto; font-optical-sizing: auto; font-feature-settings: normal; font-variation-settings: normal; font-stretch: normal; font-size: 13px; line-height: normal; font-family: \"Helvetica Neue\"; min-height: 15px; color: rgb(0, 0, 0);\"><\/p>\n\t\t\t\t\t\t\t\t<\/div>\n\t\t\t\t<\/div>\n\t\t\t\t\t<\/div>\n\t\t<\/div>\n\t\t\t\t\t<\/div>\n\t\t<\/section>\n\t\t\t\t<\/div>\n\t\t","protected":false},"excerpt":{"rendered":"<p>\u010carobno ve\u010de sa Valom i njegovom rukom dragi ljudi,&nbsp; Pa, voljeli bismo da ubudu\u0107e organizujemo muzi\u010dke ve\u010deri petkom u na\u0161em kampu u Dap\u010devi\u0107ima preko na\u0161eg udru\u017eenja \u201eDomora NVO\u201c. A sada \u0107emo po\u010deti s ne\u010dim zaista lijepim &#8211; pantom.&nbsp; Dragi Val \u0107e nas cijelu ve\u010der o\u010darati svojom handpan muzikom. Za one koji ne znaju, ovdje je [&hellip;]<\/p>\n","protected":false},"author":2,"featured_media":72380,"comment_status":"open","ping_status":"open","sticky":false,"template":"","format":"standard","meta":{"_jetpack_memberships_contains_paid_content":false,"footnotes":""},"categories":[585,477],"tags":[],"class_list":["post-81552","post","type-post","status-publish","format-standard","has-post-thumbnail","hentry","category-dogadaji","category-vijesti"],"aioseo_notices":[],"jetpack_featured_media_url":"https:\/\/immo-monte.me\/wp-content\/uploads\/2023\/07\/Handpan-Event-Dapcevici.png","jetpack_sharing_enabled":true,"_links":{"self":[{"href":"https:\/\/immo-monte.me\/bs\/wp-json\/wp\/v2\/posts\/81552","targetHints":{"allow":["GET"]}}],"collection":[{"href":"https:\/\/immo-monte.me\/bs\/wp-json\/wp\/v2\/posts"}],"about":[{"href":"https:\/\/immo-monte.me\/bs\/wp-json\/wp\/v2\/types\/post"}],"author":[{"embeddable":true,"href":"https:\/\/immo-monte.me\/bs\/wp-json\/wp\/v2\/users\/2"}],"replies":[{"embeddable":true,"href":"https:\/\/immo-monte.me\/bs\/wp-json\/wp\/v2\/comments?post=81552"}],"version-history":[{"count":3,"href":"https:\/\/immo-monte.me\/bs\/wp-json\/wp\/v2\/posts\/81552\/revisions"}],"predecessor-version":[{"id":81561,"href":"https:\/\/immo-monte.me\/bs\/wp-json\/wp\/v2\/posts\/81552\/revisions\/81561"}],"wp:featuredmedia":[{"embeddable":true,"href":"https:\/\/immo-monte.me\/bs\/wp-json\/wp\/v2\/media\/72380"}],"wp:attachment":[{"href":"https:\/\/immo-monte.me\/bs\/wp-json\/wp\/v2\/media?parent=81552"}],"wp:term":[{"taxonomy":"category","embeddable":true,"href":"https:\/\/immo-monte.me\/bs\/wp-json\/wp\/v2\/categories?post=81552"},{"taxonomy":"post_tag","embeddable":true,"href":"https:\/\/immo-monte.me\/bs\/wp-json\/wp\/v2\/tags?post=81552"}],"curies":[{"name":"wp","href":"https:\/\/api.w.org\/{rel}","templated":true}]}}