{"id":108854,"date":"2026-03-08T05:11:00","date_gmt":"2026-03-08T04:11:00","guid":{"rendered":"https:\/\/immo-monte.me\/2026\/03\/08\/osmi-mart-medjunarodni-dan-zena-vise-od-simbolicnog-dana\/"},"modified":"2026-03-08T05:11:36","modified_gmt":"2026-03-08T04:11:36","slug":"osmi-mart-medjunarodni-dan-zena-vise-od-simbolicnog-dana","status":"publish","type":"post","link":"https:\/\/immo-monte.me\/bs\/2026\/03\/08\/osmi-mart-medjunarodni-dan-zena-vise-od-simbolicnog-dana\/","title":{"rendered":"Osmi mart &#8211; Me\u0111unarodni dan \u017eena &#8211; Vi\u0161e od simboli\u010dnog dana"},"content":{"rendered":"\t\t<div data-elementor-type=\"wp-post\" data-elementor-id=\"108854\" class=\"elementor elementor-108854 elementor-108830\" data-elementor-post-type=\"post\">\n\t\t\t\t\t\t<section class=\"elementor-section elementor-top-section elementor-element elementor-element-4b0ef1d elementor-section-boxed elementor-section-height-default elementor-section-height-default\" data-id=\"4b0ef1d\" data-element_type=\"section\" data-e-type=\"section\">\n\t\t\t\t\t\t<div class=\"elementor-container elementor-column-gap-default\">\n\t\t\t\t\t<div class=\"elementor-column elementor-col-100 elementor-top-column elementor-element elementor-element-1de9fd0\" data-id=\"1de9fd0\" data-element_type=\"column\" data-e-type=\"column\">\n\t\t\t<div class=\"elementor-widget-wrap elementor-element-populated\">\n\t\t\t\t\t\t<div class=\"elementor-element elementor-element-1dcb976 elementor-widget elementor-widget-heading\" data-id=\"1dcb976\" data-element_type=\"widget\" data-e-type=\"widget\" data-widget_type=\"heading.default\">\n\t\t\t\t<div class=\"elementor-widget-container\">\n\t\t\t\t\t<h2 class=\"elementor-heading-title elementor-size-default\">8. mart - Me\u0111unarodni dan \u017eena<\/h2>\t\t\t\t<\/div>\n\t\t\t\t<\/div>\n\t\t\t\t\t<\/div>\n\t\t<\/div>\n\t\t\t\t\t<\/div>\n\t\t<\/section>\n\t\t\t\t<section class=\"elementor-section elementor-top-section elementor-element elementor-element-7d2b4a4 elementor-section-boxed elementor-section-height-default elementor-section-height-default\" data-id=\"7d2b4a4\" data-element_type=\"section\" data-e-type=\"section\">\n\t\t\t\t\t\t<div class=\"elementor-container elementor-column-gap-default\">\n\t\t\t\t\t<div class=\"elementor-column elementor-col-100 elementor-top-column elementor-element elementor-element-a5e246c\" data-id=\"a5e246c\" data-element_type=\"column\" data-e-type=\"column\">\n\t\t\t<div class=\"elementor-widget-wrap elementor-element-populated\">\n\t\t\t\t\t\t<div class=\"elementor-element elementor-element-5125107 elementor-widget elementor-widget-text-editor\" data-id=\"5125107\" data-element_type=\"widget\" data-e-type=\"widget\" data-widget_type=\"text-editor.default\">\n\t\t\t\t<div class=\"elementor-widget-container\">\n\t\t\t\t\t\t\t\t\t<h3 data-start=\"83\" data-end=\"410\">Osmi mart je \u0161irom svijeta poznat kao Me\u0111unarodni dan \u017eena. Za mnoge je to dan cvije\u0107a, malih znakova zahvalnosti i lijepih rije\u010di. Ali u istini, ovaj dan predstavlja mnogo vi\u0161e: jednakost, ekonomsku nezavisnost, politi\u010dko u\u010de\u0161\u0107e i dru\u0161tveno priznanje \u017eena.  <\/h3><h3 data-start=\"412\" data-end=\"603\">Posebno u vremenu kada \u017eene sve vi\u0161e preuzimaju vode\u0107e uloge, osnivaju kompanije i donose investicione odluke, ovaj dan dobija novo, sna\u017eno zna\u010denje.<\/h3><h2 data-section-id=\"zth4gj\" data-start=\"610\" data-end=\"646\"> <\/h2><h2 data-section-id=\"zth4gj\" data-start=\"610\" data-end=\"646\">Pri\u010da koja stoji iza 8. marta<\/h2><p data-start=\"648\" data-end=\"799\">Me\u0111unarodni dan \u017eena nastao je po\u010detkom 20. stolje\u0107a u kontekstu pokreta \u017eena radnica. U to vrijeme, \u017eene su se borile za temeljna prava: <\/p><ul data-start=\"801\" data-end=\"887\"><li data-section-id=\"1p2kcqa\" data-start=\"801\" data-end=\"814\"><p data-start=\"803\" data-end=\"814\">pravo glasa<\/p><\/li><li data-section-id=\"yatclv\" data-start=\"815\" data-end=\"845\"><p data-start=\"817\" data-end=\"845\">bolji uslovi rada<\/p><\/li><li data-section-id=\"1k07hat\" data-start=\"846\" data-end=\"865\"><p data-start=\"848\" data-end=\"865\">po\u0161tena pla\u0107a<\/p><\/li><li data-section-id=\"1a946ag\" data-start=\"866\" data-end=\"887\"><p data-start=\"868\" data-end=\"887\">Pristup obrazovanju<\/p><\/li><\/ul><p data-start=\"889\" data-end=\"1094\">Ono \u0161to se danas \u010dini samo po sebi o\u010diglednim rezultat je godina, \u010desto hrabre borbe. Osmi mart nas podsje\u0107a da jednakost nije data \u2013 za nju se borilo. <\/p><h2 data-section-id=\"19fbc03\" data-start=\"1101\" data-end=\"1151\"> <\/h2><h2 data-section-id=\"19fbc03\" data-start=\"1101\" data-end=\"1151\">Za\u0161to je Me\u0111unarodni dan \u017eena danas relevantniji nego ikad<\/h2><p data-start=\"1153\" data-end=\"1224\">Iako je mnogo postignuto, klju\u010dna pitanja ostaju relevantna:<\/p><ul data-start=\"1226\" data-end=\"1400\"><li data-section-id=\"7kh488\" data-start=\"1226\" data-end=\"1280\"><p data-start=\"1228\" data-end=\"1280\">Razlike u prihodima izme\u0111u mu\u0161karaca i \u017eena<\/p><\/li><li data-section-id=\"8fhh7c\" data-start=\"1281\" data-end=\"1329\"><p data-start=\"1283\" data-end=\"1329\">ni\u017ea zastupljenost na vode\u0107im pozicijama<\/p><\/li><li data-section-id=\"1iwwdqc\" data-start=\"1330\" data-end=\"1369\"><p data-start=\"1332\" data-end=\"1369\">Uskla\u0111ivanje porodice i karijere<\/p><\/li><li data-section-id=\"ey256d\" data-start=\"1370\" data-end=\"1400\"><p data-start=\"1372\" data-end=\"1400\">finansijska nezavisnost<\/p><\/li><\/ul><p data-start=\"1402\" data-end=\"1522\">Jedan aspekt koji je posebno zanimljiv i kojem se \u010desto posve\u0107uje premalo pa\u017enje jeste <strong data-start=\"1472\" data-end=\"1521\">aspekt \u017eena kao investitorica i poduzetnica<\/strong> .<\/p><p data-start=\"1524\" data-end=\"1703\">Sve vi\u0161e \u017eena svjesno bira finansijsku nezavisnost. One ula\u017eu u nekretnine, osnivaju kompanije, grade mre\u017ee i aktivno oblikuju ekonomiju. <\/p><p data-start=\"1705\" data-end=\"1748\">I upravo tu se pojavljuje ogromna prilika.<\/p><h2 data-section-id=\"1y5ex66\" data-start=\"1755\" data-end=\"1813\"> <\/h2><h2 data-section-id=\"1y5ex66\" data-start=\"1755\" data-end=\"1813\">\u017dene, investicije i ekonomsko samoodre\u0111enje<\/h2><p data-start=\"1815\" data-end=\"1908\">Finansijska nezavisnost nije luksuz \u2013 ona je klju\u010d samoodre\u0111enja.<\/p><p data-start=\"1910\" data-end=\"2049\">Oni koji investiraju, oblikuju budu\u0107nost.<br data-start=\"1936\" data-end=\"1939\"> Ko posjeduje, taj odlu\u010duje.<br data-start=\"1964\" data-end=\"1967\"> Oni koji razmi\u0161ljaju poduzetni\u010dki stvaraju sigurnost za sebe i sljede\u0107u generaciju.<\/p><p data-start=\"2051\" data-end=\"2306\">Pojavljuje se zanimljiv trend, posebno u sektoru nekretnina: udio \u017eena investitora stalno raste. \u017dene razmi\u0161ljaju dugoro\u010dno, procjenjuju rizike i orijentirane su na vrijednost \u2013 kvalitete koje su posebno vrijedne na tr\u017ei\u0161tu nekretnina. <\/p><p data-start=\"2308\" data-end=\"2386\">Osmi mart stoga mo\u017ee biti i dan kada se \u017eene svjesno pitaju:<\/p><ul data-start=\"2388\" data-end=\"2504\"><li data-section-id=\"1wl7lrh\" data-start=\"2388\" data-end=\"2441\"><p data-start=\"2390\" data-end=\"2441\">Jesam li aktivno oblikovao\/la svoju finansijsku budu\u0107nost?<\/p><\/li><li data-section-id=\"vrork5\" data-start=\"2442\" data-end=\"2474\"><p data-start=\"2444\" data-end=\"2474\">Da li maksimalno koristim svoje prilike?<\/p><\/li><li data-section-id=\"1ha1y8e\" data-start=\"2475\" data-end=\"2504\"><p data-start=\"2477\" data-end=\"2504\">Da li investiram strate\u0161ki?<\/p><\/li><\/ul><h2 data-section-id=\"id4lma\" data-start=\"2511\" data-end=\"2571\"> <\/h2><h2 data-section-id=\"id4lma\" data-start=\"2511\" data-end=\"2571\">Me\u0111unarodni dan \u017eena u Crnoj Gori i zemljama njema\u010dkog govornog podru\u010dja<\/h2><p data-start=\"2573\" data-end=\"2789\">U mnogim zemljama, 8. mart je dan zna\u010dajnog dru\u0161tvenog priznanja. Cvije\u0107e, mali pokloni i doga\u0111aji su dio proslava. Ali pored simboli\u010dnog gesta, ovaj dan sve vi\u0161e dobija dublje zna\u010denje.  <\/p><p data-start=\"2791\" data-end=\"2993\">Posebno u me\u0111unarodnim kontekstima \u2013 izme\u0111u Njema\u010dke, Austrije i Crne Gore \u2013 postaje jasno koliko su se razli\u010dito uzori historijski razvijali i koliko se trenutno mijenjaju.<\/p><p data-start=\"2995\" data-end=\"3013\">\u017dene danas su:<\/p><ul data-start=\"3015\" data-end=\"3144\"><li data-section-id=\"ibd91e\" data-start=\"3015\" data-end=\"3039\"><p data-start=\"3017\" data-end=\"3039\">Upravni direktori<\/p><\/li><li data-section-id=\"c4419g\" data-start=\"3040\" data-end=\"3057\"><p data-start=\"3042\" data-end=\"3057\">investitorice<\/p><\/li><li data-section-id=\"1e1kip1\" data-start=\"3058\" data-end=\"3084\"><p data-start=\"3060\" data-end=\"3084\">Razvojni in\u017eenjeri projekata<\/p><\/li><li data-section-id=\"21vagj\" data-start=\"3085\" data-end=\"3104\"><p data-start=\"3087\" data-end=\"3104\">mre\u017eni korisnici<\/p><\/li><li data-section-id=\"hxbsaq\" data-start=\"3105\" data-end=\"3144\"><p data-start=\"3107\" data-end=\"3144\">donosioci politi\u010dkih odluka<\/p><\/li><\/ul><p data-start=\"3146\" data-end=\"3245\">Ovaj razvoj nije slu\u010dajan. To je rezultat obrazovanja, hrabrosti i strate\u0161kog djelovanja. <\/p><h2 data-section-id=\"1vuc9qt\" data-start=\"3252\" data-end=\"3286\">Cijenjenje po\u010dinje u svakodnevnom \u017eivotu<\/h2><p data-start=\"3288\" data-end=\"3383\">Me\u0111unarodni dan \u017eena ne bi trebao biti samo kalendarski zapis. To je podsjetnik: <\/p><ul data-start=\"3385\" data-end=\"3492\"><li data-section-id=\"9tf5o5\" data-start=\"3385\" data-end=\"3409\"><p data-start=\"3387\" data-end=\"3409\">vlastitom snagom<\/p><\/li><li data-section-id=\"fzazco\" data-start=\"3410\" data-end=\"3443\"><p data-start=\"3412\" data-end=\"3443\">me\u0111usobna podr\u0161ka<\/p><\/li><li data-section-id=\"4k7xi1\" data-start=\"3444\" data-end=\"3492\"><p data-start=\"3446\" data-end=\"3492\">vrijednost saradnje umjesto konkurencije<\/p><\/li><\/ul><p data-start=\"3494\" data-end=\"3699\">Posebno me\u0111u \u017eenama poduzetnicama, jasno je da su mre\u017ee klju\u010dne. One koje se me\u0111usobno podr\u017eavaju, daju preporuke, dijele iskustva i prenose znanje, rastu br\u017ee i odr\u017eivije. <\/p><h2 data-section-id=\"1qoo7r5\" data-start=\"3706\" data-end=\"3737\"> <\/h2><h2 data-section-id=\"1qoo7r5\" data-start=\"3706\" data-end=\"3737\">Li\u010dna perspektiva<\/h2><p data-start=\"3739\" data-end=\"3785\">Osmi mart je ujedno i trenutak za razmi\u0161ljanje.<\/p><p data-start=\"3787\" data-end=\"3929\">Koje su nas \u017eene oblikovale?<br data-start=\"3819\" data-end=\"3822\">Koji su nas uzori inspirisali?<br data-start=\"3860\" data-end=\"3863\">Kakvu odgovornost mi sami nosimo za sljede\u0107u generaciju?<\/p><p data-start=\"3931\" data-end=\"4018\">Bilo da ste majka, poduzetnica, investitorica ili direktorica \u2013 svaka uloga ima utjecaj.<\/p><p data-start=\"4020\" data-end=\"4053\">I upravo o tome se radi: o uticaju.<\/p><h2 data-section-id=\"1maq67d\" data-start=\"4060\" data-end=\"4090\"> <\/h2><h2 data-section-id=\"1maq67d\" data-start=\"4060\" data-end=\"4090\">Zaklju\u010dak: Dan pun sadr\u017eaja<\/h2><p data-start=\"4092\" data-end=\"4180\">Me\u0111unarodni dan \u017eena nije romanti\u010dan dan za slanje cvije\u0107a. To je izjava. <\/p><p data-start=\"4182\" data-end=\"4200\">Izjava za:<\/p><ul data-start=\"4202\" data-end=\"4297\"><li data-section-id=\"k911f1\" data-start=\"4202\" data-end=\"4222\"><p data-start=\"4204\" data-end=\"4222\">ekvivalencija<\/p><\/li><li data-section-id=\"189jggy\" data-start=\"4223\" data-end=\"4243\"><p data-start=\"4225\" data-end=\"4243\">samoopredjeljenje<\/p><\/li><li data-section-id=\"24yvrj\" data-start=\"4244\" data-end=\"4270\"><p data-start=\"4246\" data-end=\"4270\">ekonomska snaga<\/p><\/li><li data-section-id=\"1c4qhi\" data-start=\"4271\" data-end=\"4297\"><p data-start=\"4273\" data-end=\"4297\">Hrabrost da se slijedi vlastita vizija<\/p><\/li><\/ul><p data-start=\"4299\" data-end=\"4470\">I mo\u017eda je 8. mart upravo pravi trenutak za dono\u0161enje odluke:<br data-start=\"4389\" data-end=\"4392\"> Za ve\u0107u vidljivost.<br data-start=\"4414\" data-end=\"4417\"> Za ve\u0107u nezavisnost.<br data-start=\"4441\" data-end=\"4444\"> Za ve\u0107u kreativnu mo\u0107.<\/p><p data-start=\"4472\" data-end=\"4553\">Jer istinska jednakost se ne posti\u017ee rije\u010dima \u2013 ve\u0107 djelima.<\/p>\t\t\t\t\t\t\t\t<\/div>\n\t\t\t\t<\/div>\n\t\t\t\t\t<\/div>\n\t\t<\/div>\n\t\t\t\t\t<\/div>\n\t\t<\/section>\n\t\t\t\t<\/div>\n\t\t","protected":false},"excerpt":{"rendered":"<p>8. mart &#8211; Me\u0111unarodni dan \u017eena Osmi mart je \u0161irom svijeta poznat kao Me\u0111unarodni dan \u017eena. Za mnoge je to dan cvije\u0107a, malih znakova zahvalnosti i lijepih rije\u010di. Ali u istini, ovaj dan predstavlja mnogo vi\u0161e: jednakost, ekonomsku nezavisnost, politi\u010dko u\u010de\u0161\u0107e i dru\u0161tveno priznanje \u017eena. Posebno u vremenu kada \u017eene sve vi\u0161e preuzimaju vode\u0107e uloge, [&hellip;]<\/p>\n","protected":false},"author":2,"featured_media":108838,"comment_status":"open","ping_status":"open","sticky":false,"template":"","format":"standard","meta":{"_jetpack_memberships_contains_paid_content":false,"footnotes":""},"categories":[476,477],"tags":[480,481],"class_list":["post-108854","post","type-post","status-publish","format-standard","has-post-thumbnail","hentry","category-cinjenice-i-savjeti","category-vijesti","tag-cinjenice-i-savjeti","tag-vijesti"],"aioseo_notices":[],"jetpack_featured_media_url":"https:\/\/immo-monte.me\/wp-content\/uploads\/2026\/03\/Rosa-Lila-Schwarz-Orange-Illustration-Minimalistisch-Weltfrauentag-Instagram-Post-1080-x-500-px.png","jetpack_sharing_enabled":true,"_links":{"self":[{"href":"https:\/\/immo-monte.me\/bs\/wp-json\/wp\/v2\/posts\/108854","targetHints":{"allow":["GET"]}}],"collection":[{"href":"https:\/\/immo-monte.me\/bs\/wp-json\/wp\/v2\/posts"}],"about":[{"href":"https:\/\/immo-monte.me\/bs\/wp-json\/wp\/v2\/types\/post"}],"author":[{"embeddable":true,"href":"https:\/\/immo-monte.me\/bs\/wp-json\/wp\/v2\/users\/2"}],"replies":[{"embeddable":true,"href":"https:\/\/immo-monte.me\/bs\/wp-json\/wp\/v2\/comments?post=108854"}],"version-history":[{"count":2,"href":"https:\/\/immo-monte.me\/bs\/wp-json\/wp\/v2\/posts\/108854\/revisions"}],"predecessor-version":[{"id":108858,"href":"https:\/\/immo-monte.me\/bs\/wp-json\/wp\/v2\/posts\/108854\/revisions\/108858"}],"wp:featuredmedia":[{"embeddable":true,"href":"https:\/\/immo-monte.me\/bs\/wp-json\/wp\/v2\/media\/108838"}],"wp:attachment":[{"href":"https:\/\/immo-monte.me\/bs\/wp-json\/wp\/v2\/media?parent=108854"}],"wp:term":[{"taxonomy":"category","embeddable":true,"href":"https:\/\/immo-monte.me\/bs\/wp-json\/wp\/v2\/categories?post=108854"},{"taxonomy":"post_tag","embeddable":true,"href":"https:\/\/immo-monte.me\/bs\/wp-json\/wp\/v2\/tags?post=108854"}],"curies":[{"name":"wp","href":"https:\/\/api.w.org\/{rel}","templated":true}]}}