{"id":108074,"date":"2025-08-17T13:34:21","date_gmt":"2025-08-17T11:34:21","guid":{"rendered":"https:\/\/immo-monte.me\/2025\/08\/17\/ljetni-festival-u-kampu-dapcevici\/"},"modified":"2025-08-17T13:37:22","modified_gmt":"2025-08-17T11:37:22","slug":"ljetni-festival-u-kampu-dapcevici","status":"publish","type":"post","link":"https:\/\/immo-monte.me\/bs\/2025\/08\/17\/ljetni-festival-u-kampu-dapcevici\/","title":{"rendered":"Ljetni festival u kampu Dap\u010devi\u0107i"},"content":{"rendered":"\t\t<div data-elementor-type=\"wp-post\" data-elementor-id=\"108074\" class=\"elementor elementor-108074 elementor-108064\" data-elementor-post-type=\"post\">\n\t\t\t\t\t\t<section class=\"elementor-section elementor-top-section elementor-element elementor-element-a694c9f elementor-section-boxed elementor-section-height-default elementor-section-height-default\" data-id=\"a694c9f\" data-element_type=\"section\" data-e-type=\"section\">\n\t\t\t\t\t\t<div class=\"elementor-container elementor-column-gap-default\">\n\t\t\t\t\t<div class=\"elementor-column elementor-col-100 elementor-top-column elementor-element elementor-element-dd19b76\" data-id=\"dd19b76\" data-element_type=\"column\" data-e-type=\"column\">\n\t\t\t<div class=\"elementor-widget-wrap elementor-element-populated\">\n\t\t\t\t\t\t<div class=\"elementor-element elementor-element-b916680 elementor-widget elementor-widget-image\" data-id=\"b916680\" data-element_type=\"widget\" data-e-type=\"widget\" data-widget_type=\"image.default\">\n\t\t\t\t<div class=\"elementor-widget-container\">\n\t\t\t\t\t\t\t\t\t\t\t\t\t\t\t<img fetchpriority=\"high\" decoding=\"async\" width=\"1024\" height=\"464\" src=\"https:\/\/immo-monte.me\/wp-content\/uploads\/2025\/08\/AdobeStock_84106262-1024x464.jpeg\" class=\"attachment-large size-large wp-image-108066\" alt=\"\" srcset=\"https:\/\/immo-monte.me\/wp-content\/uploads\/2025\/08\/AdobeStock_84106262-1024x464.jpeg 1024w, https:\/\/immo-monte.me\/wp-content\/uploads\/2025\/08\/AdobeStock_84106262-300x136.jpeg 300w, https:\/\/immo-monte.me\/wp-content\/uploads\/2025\/08\/AdobeStock_84106262-768x348.jpeg 768w, https:\/\/immo-monte.me\/wp-content\/uploads\/2025\/08\/AdobeStock_84106262-1536x695.jpeg 1536w, https:\/\/immo-monte.me\/wp-content\/uploads\/2025\/08\/AdobeStock_84106262-2048x927.jpeg 2048w, https:\/\/immo-monte.me\/wp-content\/uploads\/2025\/08\/AdobeStock_84106262-1325x600.jpeg 1325w, https:\/\/immo-monte.me\/wp-content\/uploads\/2025\/08\/AdobeStock_84106262-496x225.jpeg 496w\" sizes=\"(max-width: 1024px) 100vw, 1024px\" \/>\t\t\t\t\t\t\t\t\t\t\t\t\t\t\t<\/div>\n\t\t\t\t<\/div>\n\t\t\t\t\t<\/div>\n\t\t<\/div>\n\t\t\t\t\t<\/div>\n\t\t<\/section>\n\t\t\t\t<section class=\"elementor-section elementor-top-section elementor-element elementor-element-ee56f17 elementor-section-boxed elementor-section-height-default elementor-section-height-default\" data-id=\"ee56f17\" data-element_type=\"section\" data-e-type=\"section\">\n\t\t\t\t\t\t<div class=\"elementor-container elementor-column-gap-default\">\n\t\t\t\t\t<div class=\"elementor-column elementor-col-100 elementor-top-column elementor-element elementor-element-de2f414\" data-id=\"de2f414\" data-element_type=\"column\" data-e-type=\"column\">\n\t\t\t<div class=\"elementor-widget-wrap\">\n\t\t\t\t\t\t\t<\/div>\n\t\t<\/div>\n\t\t\t\t\t<\/div>\n\t\t<\/section>\n\t\t\t\t<section class=\"elementor-section elementor-top-section elementor-element elementor-element-497b500 elementor-section-boxed elementor-section-height-default elementor-section-height-default\" data-id=\"497b500\" data-element_type=\"section\" data-e-type=\"section\">\n\t\t\t\t\t\t<div class=\"elementor-container elementor-column-gap-default\">\n\t\t\t\t\t<div class=\"elementor-column elementor-col-100 elementor-top-column elementor-element elementor-element-b17ed8d\" data-id=\"b17ed8d\" data-element_type=\"column\" data-e-type=\"column\">\n\t\t\t<div class=\"elementor-widget-wrap elementor-element-populated\">\n\t\t\t\t\t\t<div class=\"elementor-element elementor-element-62d27db elementor-widget elementor-widget-heading\" data-id=\"62d27db\" data-element_type=\"widget\" data-e-type=\"widget\" data-widget_type=\"heading.default\">\n\t\t\t\t<div class=\"elementor-widget-container\">\n\t\t\t\t\t<h2 class=\"elementor-heading-title elementor-size-default\">Poziv na ljetni festival u kampu Dap\u010devi\u0107i \ud83c\udf1e\ud83c\udf89\n\n<\/h2>\t\t\t\t<\/div>\n\t\t\t\t<\/div>\n\t\t\t\t\t<\/div>\n\t\t<\/div>\n\t\t\t\t\t<\/div>\n\t\t<\/section>\n\t\t\t\t<section class=\"elementor-section elementor-top-section elementor-element elementor-element-dca7143 elementor-section-boxed elementor-section-height-default elementor-section-height-default\" data-id=\"dca7143\" data-element_type=\"section\" data-e-type=\"section\">\n\t\t\t\t\t\t<div class=\"elementor-container elementor-column-gap-default\">\n\t\t\t\t\t<div class=\"elementor-column elementor-col-100 elementor-top-column elementor-element elementor-element-593c2cb\" data-id=\"593c2cb\" data-element_type=\"column\" data-e-type=\"column\">\n\t\t\t<div class=\"elementor-widget-wrap elementor-element-populated\">\n\t\t\t\t\t\t<div class=\"elementor-element elementor-element-a9f9018 elementor-widget elementor-widget-text-editor\" data-id=\"a9f9018\" data-element_type=\"widget\" data-e-type=\"widget\" data-widget_type=\"text-editor.default\">\n\t\t\t\t<div class=\"elementor-widget-container\">\n\t\t\t\t\t\t\t\t\t<p>Dragi prijatelji, draga zajednice,<\/p><p>Pro\u0161lo je dosta vremena otkako smo posljednji put slavili Uskrs. Mislimo da je krajnje vrijeme da se ponovo okupimo! <\/p><p>Stoga vas srda\u010dno pozivamo na na\u0161u <b>ljetnu zabavu<\/b> :<\/p><p>\ud83d\udcc5 <b>Nedjelja, 24. august 2025.<\/b><br> \ud83d\udd53 <b>od 16:00 sati<\/b><br> \ud83d\udccd <b>Kamp Dap\u010devi\u0107i<\/b><b><\/b><\/p><p>Kao i uvijek, na\u0161a proslava je zami\u0161ljena kao prilika da se bolje upoznamo, razmijenimo misli i ideje i prona\u0111emo nove prijatelje &#8211; bilo da su to za vas, va\u0161u djecu ili mo\u017eda \u010dak budu\u0107e poslovne partnere.<\/p><p>\ud83d\udc67\ud83e\uddd2 <b>Za djecu smo pripremili pravi raj za igru:<\/b><b><\/b><\/p><ul><li>Dva mini bazena za prskanje<\/li><li>trampolin<\/li><li>Igraonica sa mno\u0161tvom igra\u010daka<\/li><li>Na\u0161 novo optimizirani <b>dvorac za penjanje<\/b> za klizanje, ljuljanje i penjanje<\/li><li>Fudbalski golovi sa loptama \u26bd<\/li><\/ul><p>\ud83c\udf74 Naravno, brinemo se i o va\u0161em fizi\u010dkom blagostanju:<br> Nudimo <b>ukusnu hranu i osvje\u017eavaju\u0107a pi\u0107a s jelovnika na licu mjesta<\/b> , uz na\u0161e popularne doma\u0107e njema\u010dke kola\u010de i torte. \ud83c\udf70<\/p><p>\ud83c\udfb6 <b>Prekrasna muzi\u010dka pratnja<\/b> tako\u0111er stvara pravu atmosferu.<\/p><p>Radujemo se <b>ugodnom kasnom popodnevu i ve\u010deri<\/b> s vama &#8211; ispunjenom smijehom, razgovorom i dru\u017eenjem.<\/p><p>\ud83d\udc49 Kako bismo osigurali da su svi dobro zbrinuti i nahranjeni, molimo vas:<br> Molimo vas da nam <b>unaprijed javite<\/b> koliko ljudi dolazi. \ud83d\ude4f<\/p><p><b>Do\u0111ite, ponesite dobro raspolo\u017eenje \u2013 i mo\u017eda nekoga koga ve\u0107 dugo \u017eelite pozvati!<\/b><b><\/b><\/p><p>Srda\u010dan pozdrav<br> Senad i Julija<\/p>\t\t\t\t\t\t\t\t<\/div>\n\t\t\t\t<\/div>\n\t\t\t\t\t<\/div>\n\t\t<\/div>\n\t\t\t\t\t<\/div>\n\t\t<\/section>\n\t\t\t\t<\/div>\n\t\t","protected":false},"excerpt":{"rendered":"<p>Poziv na ljetni festival u kampu Dap\u010devi\u0107i \ud83c\udf1e\ud83c\udf89 Dragi prijatelji, draga zajednice, Pro\u0161lo je dosta vremena otkako smo posljednji put slavili Uskrs. Mislimo da je krajnje vrijeme da se ponovo okupimo! Stoga vas srda\u010dno pozivamo na na\u0161u ljetnu zabavu : \ud83d\udcc5 Nedjelja, 24. august 2025. \ud83d\udd53 od 16:00 sati \ud83d\udccd Kamp Dap\u010devi\u0107i Kao i uvijek, [&hellip;]<\/p>\n","protected":false},"author":1,"featured_media":0,"comment_status":"open","ping_status":"open","sticky":false,"template":"","format":"standard","meta":{"_jetpack_memberships_contains_paid_content":false,"footnotes":""},"categories":[1],"tags":[],"class_list":["post-108074","post","type-post","status-publish","format-standard","hentry","category-unkategorisiert"],"aioseo_notices":[],"jetpack_featured_media_url":"","jetpack_sharing_enabled":true,"_links":{"self":[{"href":"https:\/\/immo-monte.me\/bs\/wp-json\/wp\/v2\/posts\/108074","targetHints":{"allow":["GET"]}}],"collection":[{"href":"https:\/\/immo-monte.me\/bs\/wp-json\/wp\/v2\/posts"}],"about":[{"href":"https:\/\/immo-monte.me\/bs\/wp-json\/wp\/v2\/types\/post"}],"author":[{"embeddable":true,"href":"https:\/\/immo-monte.me\/bs\/wp-json\/wp\/v2\/users\/1"}],"replies":[{"embeddable":true,"href":"https:\/\/immo-monte.me\/bs\/wp-json\/wp\/v2\/comments?post=108074"}],"version-history":[{"count":2,"href":"https:\/\/immo-monte.me\/bs\/wp-json\/wp\/v2\/posts\/108074\/revisions"}],"predecessor-version":[{"id":108079,"href":"https:\/\/immo-monte.me\/bs\/wp-json\/wp\/v2\/posts\/108074\/revisions\/108079"}],"wp:attachment":[{"href":"https:\/\/immo-monte.me\/bs\/wp-json\/wp\/v2\/media?parent=108074"}],"wp:term":[{"taxonomy":"category","embeddable":true,"href":"https:\/\/immo-monte.me\/bs\/wp-json\/wp\/v2\/categories?post=108074"},{"taxonomy":"post_tag","embeddable":true,"href":"https:\/\/immo-monte.me\/bs\/wp-json\/wp\/v2\/tags?post=108074"}],"curies":[{"name":"wp","href":"https:\/\/api.w.org\/{rel}","templated":true}]}}